{"id":12259,"date":"2016-05-10T22:50:07","date_gmt":"2016-05-10T22:50:07","guid":{"rendered":"http:\/\/www.acebucheteatro.com\/portal\/?p=12259"},"modified":"2018-11-02T11:55:08","modified_gmt":"2018-11-02T11:55:08","slug":"xxx-certamen-de-teatro-de-arroyo-de-la-luz","status":"publish","type":"post","link":"https:\/\/www.acebucheteatro.com\/portal\/xxx-certamen-de-teatro-de-arroyo-de-la-luz\/","title":{"rendered":"XXX Certamen de Teatro de Arroyo de la Luz"},"content":{"rendered":"<p>Ayer recibimos una fant\u00e1stica noticia: \u00a1Nos hab\u00edan seleccionado en el XXX Certamen de Teatro de Arroyo de la Luz!<\/p>\n<p>Sin embargo, muy a nuestro pesar, no podremos asistir por problemas de incompatibilidad de fechas. A veces, el mundo amateur tiene estos momentos agridulces.<\/p>\n<p>A\u00fan as\u00ed, nos encant\u00f3 saber que hab\u00edan valorado nuestro trabajo y estaban interesados en vernos actuar.<\/p>\n<div class=\"text_exposed_show\">\n<p>\u00a1El espect\u00e1culo debe continuar!<\/p>\n<\/div>\n","protected":false},"excerpt":{"rendered":"<p>Ayer recibimos una fant\u00e1stica noticia: \u00a1Nos hab\u00edan seleccionado en el XXX Certamen de Teatro de Arroyo de la Luz! Sin embargo, muy a nuestro pesar, no podremos asistir por problemas de incompatibilidad de fechas. A veces, el mundo amateur tiene estos momentos agridulces. A\u00fan as\u00ed, nos encant\u00f3 saber que hab\u00edan valorado nuestro trabajo y estaban <a href=\"https:\/\/www.acebucheteatro.com\/portal\/xxx-certamen-de-teatro-de-arroyo-de-la-luz\/\"> [&#8230;]<\/a><\/p>\n","protected":false},"author":4,"featured_media":12260,"comment_status":"open","ping_status":"open","sticky":false,"template":"","format":"standard","meta":{"jetpack_post_was_ever_published":false,"_jetpack_newsletter_access":"","_jetpack_dont_email_post_to_subs":false,"_jetpack_newsletter_tier_id":0,"_jetpack_memberships_contains_paywalled_content":false,"_jetpack_memberships_contains_paid_content":false,"footnotes":"","jetpack_publicize_message":"","jetpack_publicize_feature_enabled":true,"jetpack_social_post_already_shared":true,"jetpack_social_options":{"image_generator_settings":{"template":"highway","default_image_id":0,"font":"","enabled":false},"version":2}},"categories":[56],"tags":[],"class_list":["post-12259","post","type-post","status-publish","format-standard","has-post-thumbnail","hentry","category-esparranco"],"wppr_data":{"cwp_meta_box_check":"No","cwp_rev_product_name":"","cwp_rev_product_image":"","cwp_image_link":"image","cwp_rev_price":""},"jetpack_publicize_connections":[],"jetpack_featured_media_url":"https:\/\/www.acebucheteatro.com\/portal\/wp-content\/uploads\/2016\/05\/caretas-teatro-n21.jpeg","jetpack_sharing_enabled":true,"jetpack_shortlink":"https:\/\/wp.me\/p6Bz4e-3bJ","_links":{"self":[{"href":"https:\/\/www.acebucheteatro.com\/portal\/wp-json\/wp\/v2\/posts\/12259","targetHints":{"allow":["GET"]}}],"collection":[{"href":"https:\/\/www.acebucheteatro.com\/portal\/wp-json\/wp\/v2\/posts"}],"about":[{"href":"https:\/\/www.acebucheteatro.com\/portal\/wp-json\/wp\/v2\/types\/post"}],"author":[{"embeddable":true,"href":"https:\/\/www.acebucheteatro.com\/portal\/wp-json\/wp\/v2\/users\/4"}],"replies":[{"embeddable":true,"href":"https:\/\/www.acebucheteatro.com\/portal\/wp-json\/wp\/v2\/comments?post=12259"}],"version-history":[{"count":0,"href":"https:\/\/www.acebucheteatro.com\/portal\/wp-json\/wp\/v2\/posts\/12259\/revisions"}],"wp:featuredmedia":[{"embeddable":true,"href":"https:\/\/www.acebucheteatro.com\/portal\/wp-json\/wp\/v2\/media\/12260"}],"wp:attachment":[{"href":"https:\/\/www.acebucheteatro.com\/portal\/wp-json\/wp\/v2\/media?parent=12259"}],"wp:term":[{"taxonomy":"category","embeddable":true,"href":"https:\/\/www.acebucheteatro.com\/portal\/wp-json\/wp\/v2\/categories?post=12259"},{"taxonomy":"post_tag","embeddable":true,"href":"https:\/\/www.acebucheteatro.com\/portal\/wp-json\/wp\/v2\/tags?post=12259"}],"curies":[{"name":"wp","href":"https:\/\/api.w.org\/{rel}","templated":true}]}}