{"id":12283,"date":"2016-08-20T14:04:51","date_gmt":"2016-08-20T14:04:51","guid":{"rendered":"http:\/\/www.acebucheteatro.com\/portal\/?p=12283"},"modified":"2018-11-02T11:55:08","modified_gmt":"2018-11-02T11:55:08","slug":"seccion-de-entrevistas-dia-19-de-agosto","status":"publish","type":"post","link":"https:\/\/www.acebucheteatro.com\/portal\/seccion-de-entrevistas-dia-19-de-agosto\/","title":{"rendered":"SECCI\u00d3N DE ENTREVISTAS: D\u00cdA 19 DE AGOSTO."},"content":{"rendered":"<p><strong>D\u00cdA 19 DE AGOSTO: \u00abLA ESTANQUERA DE VALLECAS\u00bb<\/strong><\/p>\n<p>Nuestro Certamen comenz\u00f3 ayer y no podemos estar m\u00e1s satisfechos. El p\u00fablico acudi\u00f3 a su cita anual y, esta vez, comenzando con una obra muy conocida y representada a lo largo de algunas d\u00e9cadas ya: <em>\u00abLa Estanquera de Vallecas\u00bb, <\/em>de Jos\u00e9 Luis Alonso de Santos. El grupo \u00abFarsa Teatro\u00bb, de Fuenlabrada (Madrid) consigui\u00f3 que los asistentes rieran y llegaran a empatizar con cada uno de sus personajes.<\/p>\n<p>A la salida, como ya hicimos el a\u00f1o anterior, estuvimos charlando unos minutos con algunas de las personas que participan, de una forma u otra, en este mundo de entrega y descubrimiento que es el teatro.<\/p>\n<p>Os dejamos, a continuaci\u00f3n, sus opiniones e impresiones.<\/p>\n<p>Much\u00edsimas gracias a todos por colaborar y recibir nuestra petici\u00f3n con una sonrisa. As\u00ed, es un placer siempre.<\/p>\n<p><strong>\u00a0<\/strong><\/p>\n<p><strong>ENTREVISTA A ROBERTO NISTAL (\u00abTocho\u00bb, en \u00ab<em>La Estanquera de Vallecas<\/em>\u00ab):<\/strong><\/p>\n<p><strong>\u00a0<\/strong><\/p>\n<p>MAR\u00cdA: &#8211; \u00bfC\u00f3mo se os ocurri\u00f3 la idea de montar <em>\u00abLa Estanquera de Vallecas\u00bb<\/em>? &#8211;<\/p>\n<p>&nbsp;<\/p>\n<p>ROBERTO: -\u00c9ramos un grupete que llev\u00e1bamos poco tiempo como colectivo y como asociaci\u00f3n. Nos pusimos a leer y nos pareci\u00f3 una comedia que ten\u00eda un fondo social y que, de alguna manera, reflejaba aspectos de los a\u00f1os ochenta que son muy actuales.-<\/p>\n<p>&nbsp;<\/p>\n<p>MAR\u00cdA: &#8211; Entonces, \u00bfestuvisteis todos de acuerdo desde el principio? &#8211;<\/p>\n<p>&nbsp;<\/p>\n<p>ROBERTO: -S\u00ed, s\u00ed, fue algo que se consensu\u00f3 desde el primer momento. Dijimos \u00ab<em>esto va a ser genial, lo vamos a pasar muy bien<\/em>\u00ab.-<\/p>\n<p>&nbsp;<\/p>\n<p>MAR\u00cdA: &#8211; \u00bfCrees que al p\u00fablico le sigue atrayendo este tipo de comedias o, por el contrario, ya pertenece a otra generaci\u00f3n o \u00e9poca? &#8211;<\/p>\n<p>ROBERTO: &#8211; S\u00ed, el otro d\u00eda la representamos y nos cont\u00f3 una mujer que no pensaba venir a verla porque, al leer el t\u00edtulo, se pregunt\u00f3 por qu\u00e9 tra\u00edamos aquello tan antiguo; luego nos coment\u00f3 que no se arrepent\u00eda de haber asistido. Es cierto que contaba con una referencia cinematogr\u00e1fica; aunque en definitiva es un texto teatral y esa frescura se mantiene. Es un c\u00f3digo en el cual se enfrasca y conserva ese tinte. La mujer tambi\u00e9n me coment\u00f3 que se dio cuenta de las similitudes que pod\u00edan existir con la realidad y la \u00e9poca actual. Estamos hablando de una crisis econ\u00f3mica y, hoy en d\u00eda, se dan tambi\u00e9n este tipo de casos. Hay gente que roba por pura necesidad, cada vez m\u00e1s un mont\u00f3n de familias desestructuradas. La chica nos lo dijo con toda franqueza \u00ab<em>no pens\u00e1bamos venir<\/em>\u00bb y, al final, nos dio las gracias. A m\u00ed me gust\u00f3 ese arrebato de sinceridad. &#8211;<\/p>\n<p>MAR\u00cdA: -Al p\u00fablico de Aceuchal parece que le ha sucedido lo contrario, ya que se puede decir que ha habido un llenazo sorprendente. &#8211;<\/p>\n<p>ROBERTO: &#8211; S\u00ed, puede haber influido la referencia cinematogr\u00e1fica; que cuando te sientas en la butaca es distinto. Evidentemente, es teatro. Se sent\u00eda esa uni\u00f3n con el p\u00fablico, lo hemos pasado muy bien. Ha sido un disfrute total. Yo lo acabo de comentar con un compa\u00f1ero: este tipo de comedias las disfrutas much\u00edsimo. El g\u00e9nero dram\u00e1tico es de otra manera. Es m\u00e1gico saber que el p\u00fablico y t\u00fa est\u00e1is sintiendo lo mismo. \u00a1Mola mucho! &#8211;<\/p>\n<p>&nbsp;<\/p>\n<p><strong>ENTREVISTA A BARTO GARC\u00cdA (organizador del Certamen y presidente de la asociaci\u00f3n Acebuche-Teatro):<\/strong><\/p>\n<p><strong>\u00a0<\/strong><\/p>\n<p>MAR\u00cdA: -XXVII edici\u00f3n y muchos grupos de teatro siguen escribiendo al <em>Certamen de Aceuchal<\/em>, \u00bfpuedes contarnos brevemente c\u00f3mo es la din\u00e1mica de organizaci\u00f3n a\u00f1o tras a\u00f1o?-<\/p>\n<p>&nbsp;<\/p>\n<p>BARTO: &#8211; Lo primero es tener muchas ganas y mucha ilusi\u00f3n. Eso es lo principal a la hora de empezar con esto. El primer paso es reunirnos con la Concejal\u00eda de Cultura para solicitar el presupuesto. Una vez que el presupuesto est\u00e1 aprobado, todo el grupo Acebuche se pone a trabajar, cada uno en lo que puede y aportando en cada aspecto de la organizaci\u00f3n. Todos aportamos un poquito. Ver v\u00eddeos, ver v\u00eddeos, ver v\u00eddeos, seleccionar&#8230; Luego, empieza la dura batalla del certamen; desde el director, con el tel\u00e9fono todo el d\u00eda, contactando con los grupos e intentando cuadrar fechas; a otros miembros, repartiendo los programas y encarg\u00e1ndose de otras funciones. &#8211;<\/p>\n<p>&nbsp;<\/p>\n<p>MAR\u00cdA: &#8211; Supongo que, a pesar de todo, surgen imprevistos. &#8211;<\/p>\n<p>&nbsp;<\/p>\n<p>BARTO: &#8211; S\u00ed, s\u00ed, siempre. A veces, hay grupos que fallan a \u00faltima hora, alg\u00fan foco que se va&#8230; Vienen los nervios, los enfados (se r\u00ede). Pero todo se acaba solucionando. Lo bueno es que haya predisposici\u00f3n. Lleva mucho trabajo, pero trabajando todos unidos y siendo un grupo de personas con ganas de hacer bien las cosas, todo se consigue. &#8211;<\/p>\n<p>&nbsp;<\/p>\n<p><strong>ENTREVISTA A MAR\u00cdA ISABEL, MAR\u00cdA JOS\u00c9 Y MARISOL (miembros del Jurado): <\/strong><\/p>\n<p>&nbsp;<\/p>\n<p>MAR\u00cdA: -\u00bfC\u00f3mo os enfrent\u00e1is a esta primera vez como jurado? \u00bfCon relajaci\u00f3n o un poco expectantes?-<\/p>\n<p>&nbsp;<\/p>\n<p>MAR\u00cdA ISABEL: &#8211; \u00bfRelajadas? Hasta cierto punto. Ahora ves la obra de otra manera, vas m\u00e1s al detalle. Como hay una puesta en com\u00fan, una valoraci\u00f3n, te fijas m\u00e1s en todo. S\u00ed, disfrutas m\u00e1s. Esta comedia la hemos disfrutado much\u00edsimo y, como lo principal es que la obra est\u00e9 bien, si nosotros la disfrutamos, la puntuaci\u00f3n es mayor. Somos p\u00fablico, nuestro punto de vista tambi\u00e9n es el del p\u00fablico. &#8211;<\/p>\n<p>&nbsp;<\/p>\n<p>MARISOL: &#8211; Yo creo que no disfrutamos tanto como si fu\u00e9ramos p\u00fablico porque tenemos una peque\u00f1a responsabilidad a la hora de valorar. El primer d\u00eda ha pasado y esperemos que el segundo, tambi\u00e9n. Poco a poco, estaremos m\u00e1s relajadas. &#8211;<\/p>\n<p>&nbsp;<\/p>\n<p>MAR\u00cdA JOS\u00c9: &#8211; Yo estoy de acuerdo con ambas y, adem\u00e1s, lo hemos comentado antes. En a\u00f1os anteriores ven\u00edamos como espectadoras y lo ve\u00edamos como tal. Ahora est\u00e1s pendiente de cada detalle, de la iluminaci\u00f3n, de la caracterizaci\u00f3n, etc. &#8211;<\/p>\n<p>&nbsp;<\/p>\n<p><strong>ENTREVISTA A ANTOL\u00cdN (miembro del Jurado): <\/strong><\/p>\n<p>&nbsp;<\/p>\n<p>MAR\u00cdA: &#8211; \u00bfCrees que el hecho de haber participado como jurado en otras ocasiones te ayudar\u00e1 en esta nueva edici\u00f3n?-<\/p>\n<p>&nbsp;<\/p>\n<p>ANTOL\u00cdN: -Ya he participado durante tres a\u00f1os, no consecutivos. Adem\u00e1s, t\u00fa y yo coincidimos hace tiempo, tambi\u00e9n. No dejo nunca de aprender. El teatro es un mundo que tiene muchos rincones para explorar. Cuando t\u00fa lo ves como p\u00fablico nunca llegas a desgranarlo todo por completo. Desde el punto de vista del jurado, llegas a apreciar ciertos matices y a analizarlos. Tienes en cuenta la mano de la direcci\u00f3n o te planteas el porqu\u00e9 se ha hecho esto o aquello y c\u00f3mo tienes que valorarlo. &#8211;<\/p>\n<p>&nbsp;<\/p>\n<p>&nbsp;<\/p>\n<p>&nbsp;<\/p>\n","protected":false},"excerpt":{"rendered":"<p>D\u00cdA 19 DE AGOSTO: \u00abLA ESTANQUERA DE VALLECAS\u00bb Nuestro Certamen comenz\u00f3 ayer y no podemos estar m\u00e1s satisfechos. El p\u00fablico acudi\u00f3 a su cita anual y, esta vez, comenzando con una obra muy conocida y representada a lo largo de algunas d\u00e9cadas ya: \u00abLa Estanquera de Vallecas\u00bb, de Jos\u00e9 Luis Alonso de Santos. El grupo <a href=\"https:\/\/www.acebucheteatro.com\/portal\/seccion-de-entrevistas-dia-19-de-agosto\/\"> [&#8230;]<\/a><\/p>\n","protected":false},"author":4,"featured_media":12096,"comment_status":"open","ping_status":"open","sticky":false,"template":"","format":"standard","meta":{"jetpack_post_was_ever_published":false,"_jetpack_newsletter_access":"","_jetpack_dont_email_post_to_subs":false,"_jetpack_newsletter_tier_id":0,"_jetpack_memberships_contains_paywalled_content":false,"_jetpack_memberships_contains_paid_content":false,"footnotes":"","jetpack_publicize_message":"","jetpack_publicize_feature_enabled":true,"jetpack_social_post_already_shared":true,"jetpack_social_options":{"image_generator_settings":{"template":"highway","default_image_id":0,"font":"","enabled":false},"version":2}},"categories":[58],"tags":[],"class_list":["post-12283","post","type-post","status-publish","format-standard","has-post-thumbnail","hentry","category-certamen-teatro-aceuchal"],"wppr_data":{"cwp_meta_box_check":"No","cwp_rev_product_name":"","cwp_rev_product_image":"","cwp_image_link":"image","cwp_rev_price":""},"jetpack_publicize_connections":[],"jetpack_featured_media_url":"https:\/\/www.acebucheteatro.com\/portal\/wp-content\/uploads\/2015\/08\/la-estanquera-de-vallegas-farsa-teatro.jpg","jetpack_sharing_enabled":true,"jetpack_shortlink":"https:\/\/wp.me\/p6Bz4e-3c7","_links":{"self":[{"href":"https:\/\/www.acebucheteatro.com\/portal\/wp-json\/wp\/v2\/posts\/12283","targetHints":{"allow":["GET"]}}],"collection":[{"href":"https:\/\/www.acebucheteatro.com\/portal\/wp-json\/wp\/v2\/posts"}],"about":[{"href":"https:\/\/www.acebucheteatro.com\/portal\/wp-json\/wp\/v2\/types\/post"}],"author":[{"embeddable":true,"href":"https:\/\/www.acebucheteatro.com\/portal\/wp-json\/wp\/v2\/users\/4"}],"replies":[{"embeddable":true,"href":"https:\/\/www.acebucheteatro.com\/portal\/wp-json\/wp\/v2\/comments?post=12283"}],"version-history":[{"count":0,"href":"https:\/\/www.acebucheteatro.com\/portal\/wp-json\/wp\/v2\/posts\/12283\/revisions"}],"wp:featuredmedia":[{"embeddable":true,"href":"https:\/\/www.acebucheteatro.com\/portal\/wp-json\/wp\/v2\/media\/12096"}],"wp:attachment":[{"href":"https:\/\/www.acebucheteatro.com\/portal\/wp-json\/wp\/v2\/media?parent=12283"}],"wp:term":[{"taxonomy":"category","embeddable":true,"href":"https:\/\/www.acebucheteatro.com\/portal\/wp-json\/wp\/v2\/categories?post=12283"},{"taxonomy":"post_tag","embeddable":true,"href":"https:\/\/www.acebucheteatro.com\/portal\/wp-json\/wp\/v2\/tags?post=12283"}],"curies":[{"name":"wp","href":"https:\/\/api.w.org\/{rel}","templated":true}]}}