{"id":12288,"date":"2016-08-23T00:29:00","date_gmt":"2016-08-23T00:29:00","guid":{"rendered":"http:\/\/www.acebucheteatro.com\/portal\/?p=12288"},"modified":"2018-11-02T11:55:07","modified_gmt":"2018-11-02T11:55:07","slug":"seccion-de-entrevistas-21-de-agosto","status":"publish","type":"post","link":"https:\/\/www.acebucheteatro.com\/portal\/seccion-de-entrevistas-21-de-agosto\/","title":{"rendered":"SECCI\u00d3N DE ENTREVISTAS: 21 DE AGOSTO"},"content":{"rendered":"<p><strong>D\u00cdA 21 DE AGOSTO: \u00abEL \u00c1RBOL DE LAS L\u00c1GRIMAS\u00bb<\/strong><\/p>\n<p>La noche del domingo el p\u00fablico de Aceuchal se traslad\u00f3 a un oscuro episodio de nuestro pasado, no tan lejano. Klaus Hessman, Halina M\u00fcller, Sa\u00fal Kosiva, Anna Stein, Julia Edelman y Zophia Wieviorka, verdugos y v\u00edctimas, hablaron desde la crudeza y la asfixia con que nos sometemos los unos a los otros, record\u00e1ndonos que todo puede volver a repetirse.<\/p>\n<p>Como siempre, tanto actores, como espectadores colaboraron con nuestra secci\u00f3n y aportaron sus opiniones.<\/p>\n<p>Gracias a todos, porque siempre me lo facilit\u00e1is todo.<\/p>\n<p><strong>\u00a0<\/strong><\/p>\n<p><strong>ENTREVISTA AL GRUPO \u00abALGAZARA TEATRO\u00bb:<\/strong><\/p>\n<p>&nbsp;<\/p>\n<p>MAR\u00cdA: -En el proceso de creaci\u00f3n de un personaje todos dejamos algo de nosotros en \u00e9l y viceversa, \u00bfqu\u00e9 tiene tu personaje de ti y qu\u00e9 te ha ense\u00f1ado \u00e9l a ti?-<\/p>\n<p>&nbsp;<\/p>\n<p>MIEMBROS DE ALGAZARA:<\/p>\n<p>&nbsp;<\/p>\n<p>PACO TOSCANO: &#8211; Al principio, no empatizaba con \u00e9l. Aprend\u00ed a meterme en su piel. Adem\u00e1s, es un personaje que no tiene nada que ver conmigo. Te digo una cosa no lo ve\u00eda desde el principio y he empezado a verlo poco antes de estrenar la obra. &#8211;<\/p>\n<p>&nbsp;<\/p>\n<p>ANA RODR\u00cdGUEZ: &#8211; Coger el personaje era un poco complicado porque no nos hemos visto en la situaci\u00f3n. Era como un rechazo a sentir, a meterme en la piel del personaje. Cost\u00f3 bastante, pero lo vas haciendo tuyo. &#8211;<\/p>\n<p>&nbsp;<\/p>\n<p>PACO TOSCANO: &#8211; Ninguno de los que estamos aqu\u00ed hemos vivido esa \u00e9poca. No nos result\u00f3 f\u00e1cil. El tema de los refugiados de Siria a m\u00ed me ha ayudado mucho en los \u00faltimos d\u00edas. Yo lo utilizo como recurso para saber c\u00f3mo pudieron sentirse esas criaturas. Tuvieron que dejar sus casas y meterlo todo en una maleta, sin saber ad\u00f3nde iban, si iban a volver. &#8211;<\/p>\n<p>&nbsp;<\/p>\n<p>AGUST\u00cdN CORRALES: &#8211; A m\u00ed lo que m\u00e1s me ha gustado ha sido encontrar el lado humano de un nazi y lo he encontrado a trav\u00e9s de la poes\u00eda, y de la admiraci\u00f3n, no de la pena. &#8211;<\/p>\n<p>&nbsp;<\/p>\n<p>MAR\u00cdA: &#8211; \u00bfTen\u00e9is nuevo montaje o a\u00fan ten\u00e9is en mente seguir rodando <em>\u00abEl \u00c1rbol de las L\u00e1grimas\u00bb<\/em>?, \u00bfnos pod\u00e9is decir pr\u00f3ximas fechas y lugares de representaci\u00f3n?-<\/p>\n<p>&nbsp;<\/p>\n<p>FRANCISCO RAM\u00cdREZ (director): &#8211; De momento, seguimos con <em>\u00abEl \u00c1rbol de las L\u00e1grimas\u00bb<\/em>. Nuestra pr\u00f3xima cita es en Oviedo, en el \u00abTeatro Filarm\u00f3nica\u00bb. Representamos el nueve de septiembre. &#8211;<\/p>\n<p>&nbsp;<\/p>\n<p><strong>ENTREVISTA A ALEXIS Y YOLANDA (espectadores del Certamen):<\/strong><\/p>\n<p><strong>\u00a0<\/strong><\/p>\n<p>MAR\u00cdA: &#8211; \u00bfSe han emocionado con la obra de teatro de hoy?, \u00bfpueden destacar alguna escena que les haya tocado la fibra sensible? &#8211;<\/p>\n<p>&nbsp;<\/p>\n<p>YOLANDA: &#8211; S\u00ed, s\u00ed. \u00a0A m\u00ed, cuando ha disparado al beb\u00e9. &#8211;<\/p>\n<p>&nbsp;<\/p>\n<p>ALEXIS: &#8211; Sobre todo, cuando hacen referencia a los hijos. &#8211;<\/p>\n<p>&nbsp;<\/p>\n<p>YOLANDA. -Lo malo es que no hablan s\u00f3lo del pasado, sino tambi\u00e9n del presente. &#8211;<\/p>\n<p>&nbsp;<\/p>\n<p>ALEXIS: &#8211; Verlo tan real, sin maquillajes, es muy impactante. &#8211;<\/p>\n<p>&nbsp;<\/p>\n<p>MAR\u00cdA: &#8211; En su opini\u00f3n, \u00bfpiensa que este tipo de teatro es necesario? &#8211;<\/p>\n<p>&nbsp;<\/p>\n<p>ALEXIS: &#8211; Yo creo que cuando ha habido una debacle, un drama real muy bestia, hay un per\u00edodo de tiempo en el que la gente est\u00e1 muy concienciada. Con el paso de los a\u00f1os todo se relaja y, cada vez, se le da menos importancia\u00a0 a los peque\u00f1os conflictos.<\/p>\n<p>&nbsp;<\/p>\n<p>YOLANDA: &#8211; Est\u00e1 bien para recordar, para no cometer los mismos errores. &#8211;<\/p>\n<p>&nbsp;<\/p>\n<p>ALEXIS: &#8211; Es inc\u00f3modo, pero es necesario. &#8211;<\/p>\n<p>&nbsp;<\/p>\n<p>&nbsp;<\/p>\n<p>&nbsp;<\/p>\n<p>&nbsp;<\/p>\n<p>&nbsp;<\/p>\n<p>&nbsp;<\/p>\n<p>&nbsp;<\/p>\n<p>&nbsp;<\/p>\n","protected":false},"excerpt":{"rendered":"<p>D\u00cdA 21 DE AGOSTO: \u00abEL \u00c1RBOL DE LAS L\u00c1GRIMAS\u00bb La noche del domingo el p\u00fablico de Aceuchal se traslad\u00f3 a un oscuro episodio de nuestro pasado, no tan lejano. Klaus Hessman, Halina M\u00fcller, Sa\u00fal Kosiva, Anna Stein, Julia Edelman y Zophia Wieviorka, verdugos y v\u00edctimas, hablaron desde la crudeza y la asfixia con que nos <a href=\"https:\/\/www.acebucheteatro.com\/portal\/seccion-de-entrevistas-21-de-agosto\/\"> [&#8230;]<\/a><\/p>\n","protected":false},"author":4,"featured_media":12289,"comment_status":"open","ping_status":"open","sticky":false,"template":"","format":"standard","meta":{"jetpack_post_was_ever_published":false,"_jetpack_newsletter_access":"","_jetpack_dont_email_post_to_subs":false,"_jetpack_newsletter_tier_id":0,"_jetpack_memberships_contains_paywalled_content":false,"_jetpack_memberships_contains_paid_content":false,"footnotes":"","jetpack_publicize_message":"","jetpack_publicize_feature_enabled":true,"jetpack_social_post_already_shared":true,"jetpack_social_options":{"image_generator_settings":{"template":"highway","default_image_id":0,"font":"","enabled":false},"version":2}},"categories":[58],"tags":[],"class_list":["post-12288","post","type-post","status-publish","format-standard","has-post-thumbnail","hentry","category-certamen-teatro-aceuchal"],"wppr_data":{"cwp_meta_box_check":"No","cwp_rev_product_name":"","cwp_rev_product_image":"","cwp_image_link":"image","cwp_rev_price":""},"jetpack_publicize_connections":[],"jetpack_featured_media_url":"https:\/\/www.acebucheteatro.com\/portal\/wp-content\/uploads\/2016\/08\/14114820_544816725727290_7206392832668282743_o.jpg","jetpack_sharing_enabled":true,"jetpack_shortlink":"https:\/\/wp.me\/p6Bz4e-3cc","_links":{"self":[{"href":"https:\/\/www.acebucheteatro.com\/portal\/wp-json\/wp\/v2\/posts\/12288","targetHints":{"allow":["GET"]}}],"collection":[{"href":"https:\/\/www.acebucheteatro.com\/portal\/wp-json\/wp\/v2\/posts"}],"about":[{"href":"https:\/\/www.acebucheteatro.com\/portal\/wp-json\/wp\/v2\/types\/post"}],"author":[{"embeddable":true,"href":"https:\/\/www.acebucheteatro.com\/portal\/wp-json\/wp\/v2\/users\/4"}],"replies":[{"embeddable":true,"href":"https:\/\/www.acebucheteatro.com\/portal\/wp-json\/wp\/v2\/comments?post=12288"}],"version-history":[{"count":0,"href":"https:\/\/www.acebucheteatro.com\/portal\/wp-json\/wp\/v2\/posts\/12288\/revisions"}],"wp:featuredmedia":[{"embeddable":true,"href":"https:\/\/www.acebucheteatro.com\/portal\/wp-json\/wp\/v2\/media\/12289"}],"wp:attachment":[{"href":"https:\/\/www.acebucheteatro.com\/portal\/wp-json\/wp\/v2\/media?parent=12288"}],"wp:term":[{"taxonomy":"category","embeddable":true,"href":"https:\/\/www.acebucheteatro.com\/portal\/wp-json\/wp\/v2\/categories?post=12288"},{"taxonomy":"post_tag","embeddable":true,"href":"https:\/\/www.acebucheteatro.com\/portal\/wp-json\/wp\/v2\/tags?post=12288"}],"curies":[{"name":"wp","href":"https:\/\/api.w.org\/{rel}","templated":true}]}}