{"id":13680,"date":"2018-10-06T00:00:16","date_gmt":"2018-10-05T22:00:16","guid":{"rendered":"https:\/\/www.acebucheteatro.com\/portal\/?p=13680"},"modified":"2018-12-23T22:32:50","modified_gmt":"2018-12-23T21:32:50","slug":"luther-king","status":"publish","type":"post","link":"https:\/\/www.acebucheteatro.com\/portal\/luther-king\/","title":{"rendered":"Luther King"},"content":{"rendered":"<div class=\"fusion-fullwidth fullwidth-box fusion-builder-row-1 nonhundred-percent-fullwidth non-hundred-percent-height-scrolling\" style=\"--awb-border-radius-top-left:0px;--awb-border-radius-top-right:0px;--awb-border-radius-bottom-right:0px;--awb-border-radius-bottom-left:0px;--awb-flex-wrap:wrap;\" ><div class=\"fusion-builder-row fusion-row\"><div class=\"fusion-layout-column fusion_builder_column fusion-builder-column-0 fusion_builder_column_1_1 1_1 fusion-one-full fusion-column-first fusion-column-last\" style=\"--awb-bg-size:cover;\"><div class=\"fusion-column-wrapper fusion-flex-column-wrapper-legacy\"><div class=\"fusion-text fusion-text-1\"><p>Ayer tuve un sue\u00f1o\u2026<\/p>\n<p><span class=\"fusion-dropcap dropcap\">T<\/span>e llamabas <em>Martin<\/em>; para los sesenteros que hoy peinamos canas, eras Luther King, un quijote cabalgando la llanura del Mississippi, tropezando con los <em>Molinos de Viento<\/em>, a sabiendas del topetazo que te ibas a dar. &#8211; Ya otros topetazos se hab\u00edan dado Juan XXIII, Che Guevara, V\u00edctor Jara\u2026 &#8211; Eras un ser de buena talla, \u00e9bano escabullido de la trata humana, luchador consagrado contra la discriminaci\u00f3n y defensor tenaz del reconocimiento de los derechos civiles de los negros.<\/p>\n<p>-Ayer tuve un sue\u00f1o\u2026<\/p>\n<p>Predicabas paz, reconciliaci\u00f3n entre negros y blancos; lo cre\u00edas. Te comprometiste -desde los p\u00falpitos- a la no violencia entre blancos y negros; ofrec\u00edas caminos a seguir contra el desamparo racial: paso a paso, hermanados. Desde la honradez y la entereza de tu palabra, sembrabas el reguero de tu calma y tu mesura ante la provocaci\u00f3n.<\/p>\n<p>-Ayer tuve un sue\u00f1o\u2026<\/p>\n<p>Uno de tus primeros y tus m\u00e1s conocidos prop\u00f3sitos fue sofocar cuantos muros y parapetos separaban a los negros de los provechos de los blancos en los transportes p\u00fablicos de Alabama. Kennedy -tu presidente- te ech\u00f3 una mano en la lucha por la aprobaci\u00f3n de un proyecto de ley sobre la integraci\u00f3n racial. Respetabas, admirabas a Mahatma Gandhi: <em>La fuerza de la verdad es invencible, si la defiendes con amor<\/em>. Fue un buen paso conseguir el Premio Nobel de la Paz en 1964.<\/p>\n<p>-Ayer tuve un sue\u00f1o\u2026<\/p>\n<p>Te asesinaron el 4 de abril de 1968; &#8211; dos d\u00edas despu\u00e9s Massiel cantaba en el Albert Hall de Londres el <em>La, la, la<\/em> y en Par\u00eds comenzaba el <em>Mayo franc\u00e9s <\/em>-. Se ensa\u00f1\u00f3 contigo un fan\u00e1tico racista &#8211; James Earl Ray -, dispar\u00f3 contra ti y descarri\u00f3 las esperanzas de millones de seres. Han pasado cincuenta a\u00f1os y las verdaderas razones de tu atentado mortal no se han hecho a la luz. Demasiada niebla para un hombre tan claro como t\u00fa.<\/p>\n<p>-Ayer tuve un sue\u00f1o\u2026<\/p>\n<p>Miro, escucho las noticias y\u2026 \u00a1Cu\u00e1nto retroceso! \u00a1Cu\u00e1nto camino por volver a recorrer en la igualdad de los seres humanos! T\u00edo Sam sigue haciendo de las suyas. Necesitamos hombres y mujeres buenos como t\u00fa, j\u00f3venes incondicionales ante el sajado insensible de los derechos humanos y de la libertad. Sobran muchos profetas chicharras con colmillos de perros. D\u00e9cada a d\u00e9cada nos han ido embebiendo las esperanzas guapas.<\/p>\n<p>-Ayer tuve un sue\u00f1o\u2026<\/p>\n<\/div><div class=\"fusion-clearfix\"><\/div><\/div><\/div><\/div><\/div>\n","protected":false},"excerpt":{"rendered":"","protected":false},"author":8,"featured_media":13684,"comment_status":"open","ping_status":"open","sticky":false,"template":"","format":"standard","meta":{"jetpack_post_was_ever_published":false,"_jetpack_newsletter_access":"","_jetpack_dont_email_post_to_subs":false,"_jetpack_newsletter_tier_id":0,"_jetpack_memberships_contains_paywalled_content":false,"_jetpack_memberships_contains_paid_content":false,"footnotes":"","jetpack_publicize_message":"","jetpack_publicize_feature_enabled":true,"jetpack_social_post_already_shared":true,"jetpack_social_options":{"image_generator_settings":{"template":"highway","default_image_id":0,"font":"","enabled":false},"version":2}},"categories":[98],"tags":[],"class_list":["post-13680","post","type-post","status-publish","format-standard","has-post-thumbnail","hentry","category-la-tablilla"],"wppr_data":{"cwp_meta_box_check":"No"},"jetpack_publicize_connections":[],"jetpack_featured_media_url":"https:\/\/www.acebucheteatro.com\/portal\/wp-content\/uploads\/2018\/12\/P1020411n.jpg","jetpack_sharing_enabled":true,"jetpack_shortlink":"https:\/\/wp.me\/p6Bz4e-3yE","_links":{"self":[{"href":"https:\/\/www.acebucheteatro.com\/portal\/wp-json\/wp\/v2\/posts\/13680","targetHints":{"allow":["GET"]}}],"collection":[{"href":"https:\/\/www.acebucheteatro.com\/portal\/wp-json\/wp\/v2\/posts"}],"about":[{"href":"https:\/\/www.acebucheteatro.com\/portal\/wp-json\/wp\/v2\/types\/post"}],"author":[{"embeddable":true,"href":"https:\/\/www.acebucheteatro.com\/portal\/wp-json\/wp\/v2\/users\/8"}],"replies":[{"embeddable":true,"href":"https:\/\/www.acebucheteatro.com\/portal\/wp-json\/wp\/v2\/comments?post=13680"}],"version-history":[{"count":0,"href":"https:\/\/www.acebucheteatro.com\/portal\/wp-json\/wp\/v2\/posts\/13680\/revisions"}],"wp:featuredmedia":[{"embeddable":true,"href":"https:\/\/www.acebucheteatro.com\/portal\/wp-json\/wp\/v2\/media\/13684"}],"wp:attachment":[{"href":"https:\/\/www.acebucheteatro.com\/portal\/wp-json\/wp\/v2\/media?parent=13680"}],"wp:term":[{"taxonomy":"category","embeddable":true,"href":"https:\/\/www.acebucheteatro.com\/portal\/wp-json\/wp\/v2\/categories?post=13680"},{"taxonomy":"post_tag","embeddable":true,"href":"https:\/\/www.acebucheteatro.com\/portal\/wp-json\/wp\/v2\/tags?post=13680"}],"curies":[{"name":"wp","href":"https:\/\/api.w.org\/{rel}","templated":true}]}}