{"id":13690,"date":"2018-11-01T12:00:57","date_gmt":"2018-11-01T11:00:57","guid":{"rendered":"https:\/\/www.acebucheteatro.com\/portal\/?p=13690"},"modified":"2018-12-29T23:26:00","modified_gmt":"2018-12-29T22:26:00","slug":"el-poster","status":"publish","type":"post","link":"https:\/\/www.acebucheteatro.com\/portal\/el-poster\/","title":{"rendered":"El P\u00f3ster"},"content":{"rendered":"<div class=\"fusion-fullwidth fullwidth-box fusion-builder-row-1 nonhundred-percent-fullwidth non-hundred-percent-height-scrolling\" style=\"--awb-border-radius-top-left:0px;--awb-border-radius-top-right:0px;--awb-border-radius-bottom-right:0px;--awb-border-radius-bottom-left:0px;--awb-flex-wrap:wrap;\" ><div class=\"fusion-builder-row fusion-row\"><div class=\"fusion-layout-column fusion_builder_column fusion-builder-column-0 fusion_builder_column_1_1 1_1 fusion-one-full fusion-column-first fusion-column-last\" style=\"--awb-bg-size:cover;\"><div class=\"fusion-column-wrapper fusion-flex-column-wrapper-legacy\"><div class=\"fusion-text fusion-text-1\"><p><span class=\"fusion-dropcap dropcap\">L<\/span>os a\u00f1os dorados del movimiento hippie en San Francisco, aquel Mayo franc\u00e9s del 68, la Primavera de Praga, <em>The Beatles<\/em> en la cima del pop, Che Guevara, Juan XXIII &#8211; el Papa de la esperanza -. A\u00f1os m\u00edticos. La moda del collage, de la m\u00e1quina de escribir, del comienzo del cinemascope, el movimiento ye-y\u00e9, la experiencia personal del disfrute diario de la autorrealizaci\u00f3n, volcarse a la aventura de una expresi\u00f3n colectiva, un intento a la sociabilidad muda, pero patente.<\/p>\n<p>Si hubo una manera, una explosi\u00f3n enriquecedora a finales de los sesenta y principios de los setenta, fue el p\u00f3ster. El p\u00f3ster era un lujo barato, plasmado en un papel mal\u00edsimo, de un color plano, de adquisici\u00f3n exquisita, una de las veredas que nos llevaban a la Nueva Frontera. El p\u00f3ster ol\u00eda a Francia, ol\u00eda a palabras prohibidas, a avance. S\u00f3lo a\u00f1os despu\u00e9s se empez\u00f3 a so\u00f1ar con enmarcar un p\u00f3ster a color.<\/p>\n<p>El p\u00f3ster era una criatura del <em>chico y chica in<\/em> y, aunque estuviera al alcance de cualquier bolsillo, era muy propio de pandilleros, de chico con chupa y toques de marginalidad, de intelectual avanzado, de gente melenuda puesta en la d\u00e9cada setentera. Cuatro chinchetas, una nota de color y de aire fresco en tu habitaci\u00f3n, una generaci\u00f3n que husmeaba un futuro distinto al de sus padres, una <em>canci\u00f3n protesta<\/em>, un ambiente de humo y discos de grupos brit\u00e1nicos, conocerse a s\u00ed mismo &#8211; psiquedelia y psicodelia &#8211; trazos de avanzadas culturas llegadas &#8211; a contrabando &#8211; del extranjero: la literatura fant\u00e1stica, degustar un poquito de corrientes no permitidas, el abstracto, el arte geom\u00e9trico, un p\u00f3ster regalo de pel\u00edcula que no cruzaba nuestra frontera, un p\u00f3ster guardado en el caj\u00f3n, enrollado.<\/p>\n<p>El p\u00f3ster consegu\u00eda que una generaci\u00f3n joven &#8211; destinada a cruzar otra vereda &#8211; se identificara con ellos. En las siguientes d\u00e9cadas, el p\u00f3ster se sofistic\u00f3 y, aunque nadara entre moda y dise\u00f1o, entre lenguaje de cine y c\u00f3mic, fue amig\u00e1ndose el grafiti como un pelotazo urbano.<\/p>\n<p>En Espa\u00f1a -ven la d\u00e9cada sesentera -, empieza a gestarse ese empobrecimiento del castellano. En vez de retrete, es m\u00e1s chuli w\u00e1ter; en vez de bocadillo, s\u00e1ndwich; en vez de cartel, p\u00f3ster.<\/p>\n<p>Donde se ponga un cartel de f\u00fatbol, un cartel de teatro, una cartelera de cine, un cartel de fiesta\u2026 que se quite la palabra p\u00f3ster y un batall\u00f3n de palabras migradas de la Gran Breta\u00f1a. Eso s\u00ed, seguir\u00e1n cayendo goterones, pedradas mal ajustadas a nuestro lenguaje cada vez menos castellano. Es cuesti\u00f3n de vor\u00e1gine y de fe en lo nuestro. Lo siento, huyo de las amalgamas.<\/p>\n<\/div><div class=\"fusion-clearfix\"><\/div><\/div><\/div><\/div><\/div>\n","protected":false},"excerpt":{"rendered":"","protected":false},"author":8,"featured_media":13691,"comment_status":"open","ping_status":"open","sticky":false,"template":"","format":"standard","meta":{"jetpack_post_was_ever_published":false,"_jetpack_newsletter_access":"","_jetpack_dont_email_post_to_subs":false,"_jetpack_newsletter_tier_id":0,"_jetpack_memberships_contains_paywalled_content":false,"_jetpack_memberships_contains_paid_content":false,"footnotes":"","jetpack_publicize_message":"","jetpack_publicize_feature_enabled":true,"jetpack_social_post_already_shared":true,"jetpack_social_options":{"image_generator_settings":{"template":"highway","default_image_id":0,"font":"","enabled":false},"version":2}},"categories":[98],"tags":[],"class_list":["post-13690","post","type-post","status-publish","format-standard","has-post-thumbnail","hentry","category-la-tablilla"],"wppr_data":{"cwp_meta_box_check":"No"},"jetpack_publicize_connections":[],"jetpack_featured_media_url":"https:\/\/www.acebucheteatro.com\/portal\/wp-content\/uploads\/2018\/12\/Poster.jpg","jetpack_sharing_enabled":true,"jetpack_shortlink":"https:\/\/wp.me\/p6Bz4e-3yO","_links":{"self":[{"href":"https:\/\/www.acebucheteatro.com\/portal\/wp-json\/wp\/v2\/posts\/13690","targetHints":{"allow":["GET"]}}],"collection":[{"href":"https:\/\/www.acebucheteatro.com\/portal\/wp-json\/wp\/v2\/posts"}],"about":[{"href":"https:\/\/www.acebucheteatro.com\/portal\/wp-json\/wp\/v2\/types\/post"}],"author":[{"embeddable":true,"href":"https:\/\/www.acebucheteatro.com\/portal\/wp-json\/wp\/v2\/users\/8"}],"replies":[{"embeddable":true,"href":"https:\/\/www.acebucheteatro.com\/portal\/wp-json\/wp\/v2\/comments?post=13690"}],"version-history":[{"count":0,"href":"https:\/\/www.acebucheteatro.com\/portal\/wp-json\/wp\/v2\/posts\/13690\/revisions"}],"wp:featuredmedia":[{"embeddable":true,"href":"https:\/\/www.acebucheteatro.com\/portal\/wp-json\/wp\/v2\/media\/13691"}],"wp:attachment":[{"href":"https:\/\/www.acebucheteatro.com\/portal\/wp-json\/wp\/v2\/media?parent=13690"}],"wp:term":[{"taxonomy":"category","embeddable":true,"href":"https:\/\/www.acebucheteatro.com\/portal\/wp-json\/wp\/v2\/categories?post=13690"},{"taxonomy":"post_tag","embeddable":true,"href":"https:\/\/www.acebucheteatro.com\/portal\/wp-json\/wp\/v2\/tags?post=13690"}],"curies":[{"name":"wp","href":"https:\/\/api.w.org\/{rel}","templated":true}]}}