{"id":13781,"date":"2019-03-31T22:29:54","date_gmt":"2019-03-31T20:29:54","guid":{"rendered":"https:\/\/www.acebucheteatro.com\/portal\/?p=13781"},"modified":"2019-04-27T17:01:36","modified_gmt":"2019-04-27T15:01:36","slug":"acebuche-teatro-hace-historia-siete-premios-y-tres-nominaciones-en-el-xxii-certamen-nacional-de-teatro-ciudad-de-bejar","status":"publish","type":"post","link":"https:\/\/www.acebucheteatro.com\/portal\/acebuche-teatro-hace-historia-siete-premios-y-tres-nominaciones-en-el-xxii-certamen-nacional-de-teatro-ciudad-de-bejar\/","title":{"rendered":"ACEBUCHE TEATRO HACE HISTORIA: Siete premios y tres nominaciones en el XXII Certamen Nacional de Teatro \u201cCiudad de B\u00e9jar\u201d"},"content":{"rendered":"<div class=\"fusion-fullwidth fullwidth-box fusion-builder-row-1 nonhundred-percent-fullwidth non-hundred-percent-height-scrolling\" style=\"--awb-border-radius-top-left:0px;--awb-border-radius-top-right:0px;--awb-border-radius-bottom-right:0px;--awb-border-radius-bottom-left:0px;--awb-flex-wrap:wrap;\" ><div class=\"fusion-builder-row fusion-row\"><div class=\"fusion-layout-column fusion_builder_column fusion-builder-column-0 fusion_builder_column_1_2 1_2 fusion-one-half fusion-column-first\" style=\"--awb-bg-size:cover;width:50%;width:calc(50% - ( ( 4% ) * 0.5 ) );margin-right: 4%;\"><div class=\"fusion-column-wrapper fusion-column-has-shadow fusion-flex-column-wrapper-legacy\"><div class=\"fusion-text fusion-text-1\"><p><span class=\"fusion-dropcap dropcap\">D<\/span>e nuevo, en el <em>Teatro Cervantes<\/em>. Esta vez para asistir a la gala de clausura de su certamen y compartir con otros grupos seleccionados la emoci\u00f3n e incertidumbre de los hipot\u00e9ticos premios. Ayer, 30 de marzo de 2019, las puertas de entrada estaban abarrotadas y su p\u00fablico, puntual y entregado.<\/p>\n<p>Cuando comenzaron las nominaciones y la entrega de trofeos, nosotros no pod\u00edamos salir de nuestro asombro, ya que <strong><em>ACEBUCHE TEATRO<\/em> fue nombrado en todas las categor\u00edas, recibiendo la mayor\u00eda de premios existentes:<\/strong><\/p>\n<ul>\n<li>Primer premio a la mejor obra y representaci\u00f3n: ACEBUCHE-TEATRO &#8211; \u201cLa Siega\u201d.<\/li>\n<li>Premio mejor montaje (iluminaci\u00f3n, sonido y escenograf\u00eda): ACEBUCHE-TEATRO &#8211; \u201cLa Siega\u201d.<\/li>\n<li>Premio especial del p\u00fablico: ACEBUCHE-TEATRO &#8211; \u201cLa Siega\u201d.<\/li>\n<li>Premio actor principal: Barto Garc\u00eda.<\/li>\n<li>Premio actriz principal: Mar\u00eda Rodr\u00edguez.<\/li>\n<li>Premio actor de reparto: Juli\u00e1n Garc\u00eda.<\/li>\n<li>Premio actriz de reparto: Blanca Barrantes.<\/li>\n<li>Nominado a mejor actor de reparto: Antonio R. Gord\u00f3n.<\/li>\n<li>Nominados a mejor direcci\u00f3n: Antonio R. Gord\u00f3n.<\/li>\n<li>Nominados a mejor vestuario: ACEBUCHE-TEATRO &#8211; \u201cLa Siega\u201d.<\/li>\n<\/ul>\n<p>A\u00fan nos encontramos en las <em>nubes<\/em> y palcos del <em>Cervantes<\/em>, asimilando la noticia y saboreando el reconocimiento a tanto esfuerzo y dedicaci\u00f3n.<\/p>\n<p>Siempre recordaremos nuestro paso por vuestro Teatro, el af\u00e1n por la cultura, el trato recibido y el valor que le hab\u00e9is dado a nuestro montaje.<\/p>\n<p><strong>\u00a1Gracias, B\u00e9jar!<\/strong><\/p>\n<\/div><div class=\"fusion-clearfix\"><\/div><\/div><\/div><div class=\"fusion-layout-column fusion_builder_column fusion-builder-column-1 fusion_builder_column_1_2 1_2 fusion-one-half fusion-column-last\" style=\"--awb-bg-size:cover;width:50%;width:calc(50% - ( ( 4% ) * 0.5 ) );\"><div class=\"fusion-column-wrapper fusion-column-has-shadow fusion-flex-column-wrapper-legacy\"><div class=\"awb-gallery-wrapper awb-gallery-wrapper-1 button-span-no\" data-limit=\"10\" data-page=\"1\"><div style=\"margin:-5px;--awb-bordersize:0px;\" class=\"fusion-gallery fusion-gallery-container fusion-grid-3 fusion-columns-total-6 fusion-gallery-layout-grid fusion-gallery-1\"><div style=\"padding:5px;\" class=\"fusion-grid-column fusion-gallery-column fusion-gallery-column-3\"><div class=\"fusion-gallery-image fusion-gallery-image-liftup\"><a href=\"https:\/\/www.acebucheteatro.com\/portal\/wp-content\/uploads\/2019\/03\/185bf743-55da-4ee8-8170-767a2e807133.jpg\" rel=\"noreferrer\" data-rel=\"iLightbox[gallery_image_1]\" class=\"fusion-lightbox\" target=\"_self\"><img decoding=\"async\" src=\"https:\/\/www.acebucheteatro.com\/portal\/wp-content\/uploads\/2019\/03\/185bf743-55da-4ee8-8170-767a2e807133.jpg\" width=\"1600\" height=\"1342\" alt=\"\" title=\"Clausura Certamen Nacional de Teatro de B\u00e9jar\" aria-label=\"Clausura Certamen Nacional de Teatro de B\u00e9jar\" class=\"img-responsive wp-image-13783\" srcset=\"https:\/\/www.acebucheteatro.com\/portal\/wp-content\/uploads\/2019\/03\/185bf743-55da-4ee8-8170-767a2e807133-200x168.jpg 200w, https:\/\/www.acebucheteatro.com\/portal\/wp-content\/uploads\/2019\/03\/185bf743-55da-4ee8-8170-767a2e807133-400x336.jpg 400w, https:\/\/www.acebucheteatro.com\/portal\/wp-content\/uploads\/2019\/03\/185bf743-55da-4ee8-8170-767a2e807133-600x503.jpg 600w, https:\/\/www.acebucheteatro.com\/portal\/wp-content\/uploads\/2019\/03\/185bf743-55da-4ee8-8170-767a2e807133-800x671.jpg 800w, https:\/\/www.acebucheteatro.com\/portal\/wp-content\/uploads\/2019\/03\/185bf743-55da-4ee8-8170-767a2e807133-1200x1007.jpg 1200w, https:\/\/www.acebucheteatro.com\/portal\/wp-content\/uploads\/2019\/03\/185bf743-55da-4ee8-8170-767a2e807133.jpg 1600w\" sizes=\"(min-width: 2200px) 100vw, (min-width: 784px) 363px, (min-width: 712px) 545px, (min-width: 640px) 712px, \" \/><\/a><\/div><\/div><div style=\"padding:5px;\" class=\"fusion-grid-column fusion-gallery-column fusion-gallery-column-3\"><div class=\"fusion-gallery-image fusion-gallery-image-liftup\"><a href=\"https:\/\/www.acebucheteatro.com\/portal\/wp-content\/uploads\/2019\/03\/922be4f8-d5f2-40dc-8fdb-0af8692f0b4d.jpg\" rel=\"noreferrer\" data-rel=\"iLightbox[gallery_image_1]\" class=\"fusion-lightbox\" target=\"_self\"><img decoding=\"async\" src=\"https:\/\/www.acebucheteatro.com\/portal\/wp-content\/uploads\/2019\/03\/922be4f8-d5f2-40dc-8fdb-0af8692f0b4d.jpg\" width=\"1600\" height=\"1200\" alt=\"\" title=\"Clausura Certamen Nacional de Teatro de B\u00e9jar\" aria-label=\"Clausura Certamen Nacional de Teatro de B\u00e9jar\" class=\"img-responsive wp-image-13784\" srcset=\"https:\/\/www.acebucheteatro.com\/portal\/wp-content\/uploads\/2019\/03\/922be4f8-d5f2-40dc-8fdb-0af8692f0b4d-200x150.jpg 200w, https:\/\/www.acebucheteatro.com\/portal\/wp-content\/uploads\/2019\/03\/922be4f8-d5f2-40dc-8fdb-0af8692f0b4d-400x300.jpg 400w, https:\/\/www.acebucheteatro.com\/portal\/wp-content\/uploads\/2019\/03\/922be4f8-d5f2-40dc-8fdb-0af8692f0b4d-600x450.jpg 600w, https:\/\/www.acebucheteatro.com\/portal\/wp-content\/uploads\/2019\/03\/922be4f8-d5f2-40dc-8fdb-0af8692f0b4d-800x600.jpg 800w, https:\/\/www.acebucheteatro.com\/portal\/wp-content\/uploads\/2019\/03\/922be4f8-d5f2-40dc-8fdb-0af8692f0b4d-1200x900.jpg 1200w, https:\/\/www.acebucheteatro.com\/portal\/wp-content\/uploads\/2019\/03\/922be4f8-d5f2-40dc-8fdb-0af8692f0b4d.jpg 1600w\" sizes=\"(min-width: 2200px) 100vw, (min-width: 784px) 363px, (min-width: 712px) 545px, (min-width: 640px) 712px, \" \/><\/a><\/div><\/div><div style=\"padding:5px;\" class=\"fusion-grid-column fusion-gallery-column fusion-gallery-column-3\"><div class=\"fusion-gallery-image fusion-gallery-image-liftup\"><a href=\"https:\/\/www.acebucheteatro.com\/portal\/wp-content\/uploads\/2019\/03\/bd6c0199-10d2-481f-870a-d45e9e25e8f9.jpg\" rel=\"noreferrer\" data-rel=\"iLightbox[gallery_image_1]\" class=\"fusion-lightbox\" target=\"_self\"><img decoding=\"async\" src=\"https:\/\/www.acebucheteatro.com\/portal\/wp-content\/uploads\/2019\/03\/bd6c0199-10d2-481f-870a-d45e9e25e8f9.jpg\" width=\"1024\" height=\"768\" alt=\"\" title=\"Clausura Certamen Nacional de Teatro de B\u00e9jar\" aria-label=\"Clausura Certamen Nacional de Teatro de B\u00e9jar\" class=\"img-responsive wp-image-13785\" srcset=\"https:\/\/www.acebucheteatro.com\/portal\/wp-content\/uploads\/2019\/03\/bd6c0199-10d2-481f-870a-d45e9e25e8f9-200x150.jpg 200w, https:\/\/www.acebucheteatro.com\/portal\/wp-content\/uploads\/2019\/03\/bd6c0199-10d2-481f-870a-d45e9e25e8f9-400x300.jpg 400w, https:\/\/www.acebucheteatro.com\/portal\/wp-content\/uploads\/2019\/03\/bd6c0199-10d2-481f-870a-d45e9e25e8f9-600x450.jpg 600w, https:\/\/www.acebucheteatro.com\/portal\/wp-content\/uploads\/2019\/03\/bd6c0199-10d2-481f-870a-d45e9e25e8f9-800x600.jpg 800w, https:\/\/www.acebucheteatro.com\/portal\/wp-content\/uploads\/2019\/03\/bd6c0199-10d2-481f-870a-d45e9e25e8f9.jpg 1024w\" sizes=\"(min-width: 2200px) 100vw, (min-width: 784px) 363px, (min-width: 712px) 545px, (min-width: 640px) 712px, \" \/><\/a><\/div><\/div><div class=\"clearfix\"><\/div><div style=\"padding:5px;\" class=\"fusion-grid-column fusion-gallery-column fusion-gallery-column-3\"><div class=\"fusion-gallery-image fusion-gallery-image-liftup\"><a href=\"https:\/\/www.acebucheteatro.com\/portal\/wp-content\/uploads\/2019\/03\/2db560ed-fc69-4578-8b6d-860fa570506d.jpg\" rel=\"noreferrer\" data-rel=\"iLightbox[gallery_image_1]\" class=\"fusion-lightbox\" target=\"_self\"><img decoding=\"async\" src=\"https:\/\/www.acebucheteatro.com\/portal\/wp-content\/uploads\/2019\/03\/2db560ed-fc69-4578-8b6d-860fa570506d.jpg\" width=\"480\" height=\"360\" alt=\"\" title=\"Clausura Certamen Nacional de Teatro de B\u00e9jar\" aria-label=\"Clausura Certamen Nacional de Teatro de B\u00e9jar\" class=\"img-responsive wp-image-13786\" srcset=\"https:\/\/www.acebucheteatro.com\/portal\/wp-content\/uploads\/2019\/03\/2db560ed-fc69-4578-8b6d-860fa570506d-200x150.jpg 200w, https:\/\/www.acebucheteatro.com\/portal\/wp-content\/uploads\/2019\/03\/2db560ed-fc69-4578-8b6d-860fa570506d-400x300.jpg 400w, https:\/\/www.acebucheteatro.com\/portal\/wp-content\/uploads\/2019\/03\/2db560ed-fc69-4578-8b6d-860fa570506d.jpg 480w\" sizes=\"(min-width: 2200px) 100vw, (min-width: 784px) 363px, (min-width: 712px) 545px, (min-width: 640px) 712px, \" \/><\/a><\/div><\/div><div style=\"padding:5px;\" class=\"fusion-grid-column fusion-gallery-column fusion-gallery-column-3\"><div class=\"fusion-gallery-image fusion-gallery-image-liftup\"><a href=\"https:\/\/www.acebucheteatro.com\/portal\/wp-content\/uploads\/2019\/03\/4fd5b275-d272-492c-925b-85ede77f83fb.jpg\" rel=\"noreferrer\" data-rel=\"iLightbox[gallery_image_1]\" class=\"fusion-lightbox\" target=\"_self\"><img decoding=\"async\" src=\"https:\/\/www.acebucheteatro.com\/portal\/wp-content\/uploads\/2019\/03\/4fd5b275-d272-492c-925b-85ede77f83fb.jpg\" width=\"1024\" height=\"768\" alt=\"\" title=\"Clausura Certamen Nacional de Teatro de B\u00e9jar\" aria-label=\"Clausura Certamen Nacional de Teatro de B\u00e9jar\" class=\"img-responsive wp-image-13787\" srcset=\"https:\/\/www.acebucheteatro.com\/portal\/wp-content\/uploads\/2019\/03\/4fd5b275-d272-492c-925b-85ede77f83fb-200x150.jpg 200w, https:\/\/www.acebucheteatro.com\/portal\/wp-content\/uploads\/2019\/03\/4fd5b275-d272-492c-925b-85ede77f83fb-400x300.jpg 400w, https:\/\/www.acebucheteatro.com\/portal\/wp-content\/uploads\/2019\/03\/4fd5b275-d272-492c-925b-85ede77f83fb-600x450.jpg 600w, https:\/\/www.acebucheteatro.com\/portal\/wp-content\/uploads\/2019\/03\/4fd5b275-d272-492c-925b-85ede77f83fb-800x600.jpg 800w, https:\/\/www.acebucheteatro.com\/portal\/wp-content\/uploads\/2019\/03\/4fd5b275-d272-492c-925b-85ede77f83fb.jpg 1024w\" sizes=\"(min-width: 2200px) 100vw, (min-width: 784px) 363px, (min-width: 712px) 545px, (min-width: 640px) 712px, \" \/><\/a><\/div><\/div><div style=\"padding:5px;\" class=\"fusion-grid-column fusion-gallery-column fusion-gallery-column-3\"><div class=\"fusion-gallery-image fusion-gallery-image-liftup\"><a href=\"https:\/\/www.acebucheteatro.com\/portal\/wp-content\/uploads\/2019\/03\/21209304-37b3-435c-9bdd-4bc5a1769c2c.jpg\" rel=\"noreferrer\" data-rel=\"iLightbox[gallery_image_1]\" class=\"fusion-lightbox\" target=\"_self\"><img decoding=\"async\" src=\"https:\/\/www.acebucheteatro.com\/portal\/wp-content\/uploads\/2019\/03\/21209304-37b3-435c-9bdd-4bc5a1769c2c.jpg\" width=\"1600\" height=\"1200\" alt=\"\" title=\"Certamen Nacional de Teatro de B\u00e9jar\" aria-label=\"Certamen Nacional de Teatro de B\u00e9jar\" class=\"img-responsive wp-image-13771\" srcset=\"https:\/\/www.acebucheteatro.com\/portal\/wp-content\/uploads\/2019\/03\/21209304-37b3-435c-9bdd-4bc5a1769c2c-200x150.jpg 200w, https:\/\/www.acebucheteatro.com\/portal\/wp-content\/uploads\/2019\/03\/21209304-37b3-435c-9bdd-4bc5a1769c2c-400x300.jpg 400w, https:\/\/www.acebucheteatro.com\/portal\/wp-content\/uploads\/2019\/03\/21209304-37b3-435c-9bdd-4bc5a1769c2c-600x450.jpg 600w, https:\/\/www.acebucheteatro.com\/portal\/wp-content\/uploads\/2019\/03\/21209304-37b3-435c-9bdd-4bc5a1769c2c-800x600.jpg 800w, https:\/\/www.acebucheteatro.com\/portal\/wp-content\/uploads\/2019\/03\/21209304-37b3-435c-9bdd-4bc5a1769c2c-1200x900.jpg 1200w, https:\/\/www.acebucheteatro.com\/portal\/wp-content\/uploads\/2019\/03\/21209304-37b3-435c-9bdd-4bc5a1769c2c.jpg 1600w\" sizes=\"(min-width: 2200px) 100vw, (min-width: 784px) 363px, (min-width: 712px) 545px, (min-width: 640px) 712px, \" \/><\/a><\/div><\/div><div class=\"clearfix\"><\/div><\/div><\/div><div class=\"fusion-builder-row fusion-builder-row-inner fusion-row\"><div class=\"fusion-layout-column fusion_builder_column_inner fusion-builder-nested-column-0 fusion_builder_column_inner_1_1 1_1 fusion-one-full fusion-column-first fusion-column-last\" style=\"--awb-bg-size:cover;\"><div class=\"fusion-column-wrapper fusion-column-has-shadow fusion-flex-column-wrapper-legacy\"><div class=\"fusion-clearfix\"><\/div><\/div><\/div><\/div><div class=\"fusion-video fusion-youtube fusion-aligncenter\" style=\"--awb-max-width:600px;--awb-max-height:360px;--awb-width:100%;\"><div class=\"video-shortcode\"><div class=\"fluid-width-video-wrapper\" style=\"padding-top:60%;\" ><iframe title=\"YouTube video player 1\" src=\"https:\/\/www.youtube.com\/embed\/T4T90x2Jt_Q?wmode=transparent&autoplay=0\" width=\"600\" height=\"360\" allowfullscreen allow=\"autoplay; clipboard-write; encrypted-media; gyroscope; picture-in-picture;\"><\/iframe><\/div><\/div><\/div><div class=\"fusion-builder-row fusion-builder-row-inner fusion-row\"><div class=\"fusion-layout-column fusion_builder_column_inner fusion-builder-nested-column-1 fusion_builder_column_inner_1_1 1_1 fusion-one-full fusion-column-first fusion-column-last\" style=\"--awb-bg-size:cover;\"><div class=\"fusion-column-wrapper fusion-column-has-shadow fusion-flex-column-wrapper-legacy\"><div class=\"fusion-clearfix\"><\/div><\/div><\/div><\/div><div class=\"fusion-title title fusion-title-1 fusion-title-text fusion-title-size-one\" style=\"--awb-margin-top-small:0px;--awb-margin-right-small:0px;--awb-margin-bottom-small:20px;--awb-margin-left-small:0px;\"><h1 class=\"fusion-title-heading title-heading-left\" style=\"margin:0;\"><h2>Noticias en prensa:<\/h2><\/h1><span class=\"awb-title-spacer\"><\/span><div class=\"title-sep-container\"><div class=\"title-sep sep- sep-solid\" style=\"border-color:#e0dede;\"><\/div><\/div><\/div><div class=\"fusion-builder-row fusion-builder-row-inner fusion-row\"><div class=\"fusion-layout-column fusion_builder_column_inner fusion-builder-nested-column-2 fusion_builder_column_inner_1_2 1_2 fusion-one-half fusion-column-first\" style=\"--awb-bg-size:cover;width:50%;width:calc(50% - ( ( 4% ) * 0.5 ) );margin-right: 4%;\"><div class=\"fusion-column-wrapper fusion-column-has-shadow fusion-flex-column-wrapper-legacy\"><div class=\"fusion-image-element fusion-image-align-center in-legacy-container\" style=\"text-align:center;--awb-liftup-border-radius:0px;--awb-caption-title-font-family:var(--h2_typography-font-family);--awb-caption-title-font-weight:var(--h2_typography-font-weight);--awb-caption-title-font-style:var(--h2_typography-font-style);--awb-caption-title-size:var(--h2_typography-font-size);--awb-caption-title-transform:var(--h2_typography-text-transform);--awb-caption-title-line-height:var(--h2_typography-line-height);--awb-caption-title-letter-spacing:var(--h2_typography-letter-spacing);\"><div class=\"imageframe-align-center\"><div class=\"awb-image-frame awb-image-frame-1 imageframe-liftup\"><span class=\" fusion-imageframe imageframe-none imageframe-1\"><a class=\"fusion-no-lightbox\" href=\"https:\/\/salamancartvaldia.es\/not\/205410\/acebuche-teatro-alza-siete-galardones-certamen-teatro-para\/\" target=\"_blank\" aria-label=\"SalamancaALDIA.es\" rel=\"noopener noreferrer\"><img decoding=\"async\" width=\"815\" height=\"662\" src=\"https:\/\/www.acebucheteatro.com\/portal\/wp-content\/uploads\/2019\/03\/CapturaB\u00e9jar2.jpg\" alt class=\"img-responsive wp-image-13803\" srcset=\"https:\/\/www.acebucheteatro.com\/portal\/wp-content\/uploads\/2019\/03\/CapturaB\u00e9jar2-200x162.jpg 200w, https:\/\/www.acebucheteatro.com\/portal\/wp-content\/uploads\/2019\/03\/CapturaB\u00e9jar2-400x325.jpg 400w, https:\/\/www.acebucheteatro.com\/portal\/wp-content\/uploads\/2019\/03\/CapturaB\u00e9jar2-600x487.jpg 600w, https:\/\/www.acebucheteatro.com\/portal\/wp-content\/uploads\/2019\/03\/CapturaB\u00e9jar2-800x650.jpg 800w, https:\/\/www.acebucheteatro.com\/portal\/wp-content\/uploads\/2019\/03\/CapturaB\u00e9jar2.jpg 815w\" sizes=\"(max-width: 800px) 100vw, 600px\" \/><\/a><\/span><\/div><\/div><\/div><div class=\"fusion-clearfix\"><\/div><\/div><\/div><div class=\"fusion-layout-column fusion_builder_column_inner fusion-builder-nested-column-3 fusion_builder_column_inner_1_2 1_2 fusion-one-half fusion-column-last\" style=\"--awb-bg-size:cover;width:50%;width:calc(50% - ( ( 4% ) * 0.5 ) );\"><div class=\"fusion-column-wrapper fusion-column-has-shadow fusion-flex-column-wrapper-legacy\"><div class=\"fusion-image-element fusion-image-align-center in-legacy-container\" style=\"text-align:center;--awb-liftup-border-radius:0px;--awb-caption-title-font-family:var(--h2_typography-font-family);--awb-caption-title-font-weight:var(--h2_typography-font-weight);--awb-caption-title-font-style:var(--h2_typography-font-style);--awb-caption-title-size:var(--h2_typography-font-size);--awb-caption-title-transform:var(--h2_typography-text-transform);--awb-caption-title-line-height:var(--h2_typography-line-height);--awb-caption-title-letter-spacing:var(--h2_typography-letter-spacing);\"><div class=\"imageframe-align-center\"><div class=\"awb-image-frame awb-image-frame-2 imageframe-liftup\"><span class=\" fusion-imageframe imageframe-none imageframe-2\"><a class=\"fusion-no-lightbox\" href=\"https:\/\/www.lagacetadesalamanca.es\/viva-mi-pueblo\/el-grupo-teatral-acebuche-triunfa-con-su-obra-la-siega-en-el-certamen-teatral-de-bejar-GF869769\" target=\"_blank\" aria-label=\"lagacetadesalamanca.es\" rel=\"noopener noreferrer\"><img decoding=\"async\" width=\"765\" height=\"612\" src=\"https:\/\/www.acebucheteatro.com\/portal\/wp-content\/uploads\/2019\/03\/CapturaB\u00e9jar.jpg\" alt class=\"img-responsive wp-image-13804\" srcset=\"https:\/\/www.acebucheteatro.com\/portal\/wp-content\/uploads\/2019\/03\/CapturaB\u00e9jar-200x160.jpg 200w, https:\/\/www.acebucheteatro.com\/portal\/wp-content\/uploads\/2019\/03\/CapturaB\u00e9jar-400x320.jpg 400w, https:\/\/www.acebucheteatro.com\/portal\/wp-content\/uploads\/2019\/03\/CapturaB\u00e9jar-600x480.jpg 600w, https:\/\/www.acebucheteatro.com\/portal\/wp-content\/uploads\/2019\/03\/CapturaB\u00e9jar.jpg 765w\" sizes=\"(max-width: 800px) 100vw, 600px\" \/><\/a><\/span><\/div><\/div><\/div><div class=\"fusion-clearfix\"><\/div><\/div><\/div><\/div><div class=\"fusion-clearfix\"><\/div><\/div><\/div><\/div><\/div>\n","protected":false},"excerpt":{"rendered":"","protected":false},"author":1,"featured_media":13784,"comment_status":"open","ping_status":"open","sticky":false,"template":"","format":"standard","meta":{"jetpack_post_was_ever_published":false,"_jetpack_newsletter_access":"","_jetpack_dont_email_post_to_subs":false,"_jetpack_newsletter_tier_id":0,"_jetpack_memberships_contains_paywalled_content":false,"_jetpack_memberships_contains_paid_content":false,"footnotes":"","jetpack_publicize_message":"","jetpack_publicize_feature_enabled":true,"jetpack_social_post_already_shared":true,"jetpack_social_options":{"image_generator_settings":{"template":"highway","default_image_id":0,"font":"","enabled":false},"version":2}},"categories":[93,57],"tags":[104,54,82],"class_list":["post-13781","post","type-post","status-publish","format-standard","has-post-thumbnail","hentry","category-la-siega","category-videonews","tag-bejar","tag-certamen","tag-la-siega"],"wppr_data":{"cwp_meta_box_check":"No"},"jetpack_publicize_connections":[],"jetpack_featured_media_url":"https:\/\/www.acebucheteatro.com\/portal\/wp-content\/uploads\/2019\/03\/922be4f8-d5f2-40dc-8fdb-0af8692f0b4d.jpg","jetpack_sharing_enabled":true,"jetpack_shortlink":"https:\/\/wp.me\/p6Bz4e-3Ah","_links":{"self":[{"href":"https:\/\/www.acebucheteatro.com\/portal\/wp-json\/wp\/v2\/posts\/13781","targetHints":{"allow":["GET"]}}],"collection":[{"href":"https:\/\/www.acebucheteatro.com\/portal\/wp-json\/wp\/v2\/posts"}],"about":[{"href":"https:\/\/www.acebucheteatro.com\/portal\/wp-json\/wp\/v2\/types\/post"}],"author":[{"embeddable":true,"href":"https:\/\/www.acebucheteatro.com\/portal\/wp-json\/wp\/v2\/users\/1"}],"replies":[{"embeddable":true,"href":"https:\/\/www.acebucheteatro.com\/portal\/wp-json\/wp\/v2\/comments?post=13781"}],"version-history":[{"count":0,"href":"https:\/\/www.acebucheteatro.com\/portal\/wp-json\/wp\/v2\/posts\/13781\/revisions"}],"wp:featuredmedia":[{"embeddable":true,"href":"https:\/\/www.acebucheteatro.com\/portal\/wp-json\/wp\/v2\/media\/13784"}],"wp:attachment":[{"href":"https:\/\/www.acebucheteatro.com\/portal\/wp-json\/wp\/v2\/media?parent=13781"}],"wp:term":[{"taxonomy":"category","embeddable":true,"href":"https:\/\/www.acebucheteatro.com\/portal\/wp-json\/wp\/v2\/categories?post=13781"},{"taxonomy":"post_tag","embeddable":true,"href":"https:\/\/www.acebucheteatro.com\/portal\/wp-json\/wp\/v2\/tags?post=13781"}],"curies":[{"name":"wp","href":"https:\/\/api.w.org\/{rel}","templated":true}]}}