{"id":15088,"date":"2023-08-19T10:00:23","date_gmt":"2023-08-19T08:00:23","guid":{"rendered":"https:\/\/www.acebucheteatro.com\/portal\/?p=15088"},"modified":"2023-08-18T18:58:18","modified_gmt":"2023-08-18T16:58:18","slug":"19-de-agosto-volpone-de-teatro-enobras","status":"publish","type":"post","link":"https:\/\/www.acebucheteatro.com\/portal\/19-de-agosto-volpone-de-teatro-enobras\/","title":{"rendered":"19 de agosto 2023: \u201cVolpone\u201d, de Teatro EnObras"},"content":{"rendered":"<p><div class=\"fusion-fullwidth fullwidth-box fusion-builder-row-1 nonhundred-percent-fullwidth non-hundred-percent-height-scrolling\" style=\"--awb-border-radius-top-left:0px;--awb-border-radius-top-right:0px;--awb-border-radius-bottom-right:0px;--awb-border-radius-bottom-left:0px;--awb-flex-wrap:wrap;\" ><div class=\"fusion-builder-row fusion-row\"><div class=\"fusion-layout-column fusion_builder_column fusion-builder-column-0 fusion_builder_column_1_2 1_2 fusion-one-half fusion-column-first\" style=\"--awb-bg-size:cover;width:50%;width:calc(50% - ( ( 4% ) * 0.5 ) );margin-right: 4%;\"><div class=\"fusion-column-wrapper fusion-column-has-shadow fusion-flex-column-wrapper-legacy\"><div class=\"fusion-text fusion-text-1\"><p><span class=\"fusion-dropcap dropcap\">Q<\/span><span style=\"font-weight: 400;\">uinto d\u00eda del certamen y continuamos en tono de comedia con los amigos y amigas de Teatro EnObras. Este s\u00e1bado, 19 de agosto, pondr\u00e1n en escena su montaje \u201cVolpone\u201d, un enredo al m\u00e1s puro estilo de la Comedia dell\u2019Arte. Mercedes S\u00e1iz ha adaptado el texto original y sus siete int\u00e9rpretes dan vida a personajes principales y de menor relevancia.\u00a0<\/span><\/p>\n<p><span style=\"font-weight: 400;\">La Compa\u00f1\u00eda se fund\u00f3 en 2018, pero el bagaje acumulado por sus componentes es largo. Y es precisamente la heterogeneidad de sus experiencias lo que les permite afrontar proyectos desde diferentes prismas. Apoyan firmemente la dignificaci\u00f3n y evoluci\u00f3n del teatro amateur, algo que en Aceuchal venimos haciendo desde hace d\u00e9cadas tambi\u00e9n.\u00a0<\/span><\/p>\n<p><span style=\"font-weight: 400;\">Enredo, avaricia, traici\u00f3n, enga\u00f1o y diversi\u00f3n. Merecer\u00e1 la pena encontrarnos en la <strong>Casa de Cultura de Aceuchal a la hora de siempre. No os olvid\u00e9is, a las 22:00 horas.<\/strong><\/span><\/p>\n<\/div><div class=\"fusion-text fusion-text-2\"><h2><strong>SINOPSIS<\/strong><\/h2>\n<p><span style=\"font-weight: 400;\">Volpone, un noble veneciano, sin herederos, finge estar en su lecho de muerte despu\u00e9s de una larga enfermedad, con el fin de enga\u00f1ar a sus vecinos que, mediante favores y obsequios, tratar\u00e1n de hacerse un hueco en su testamento y heredar su fortuna.\u00a0<\/span><\/p>\n<p><span style=\"font-weight: 400;\">El ritmo de la obra atrapa al espectador, que no dejar\u00e1 de sorprenderse con sus giros.\u00a0<\/span><\/p>\n<p><b>GRUPO:<\/b><span style=\"font-weight: 400;\">\u00a0Teatro EnObras<\/span><span style=\"font-weight: 400;\"><br \/>\n<\/span><b>Procedencia:<\/b><span style=\"font-weight: 400;\">\u00a0La Robla (Le\u00f3n)<\/span><span style=\"font-weight: 400;\"><br \/>\n<\/span><b>Obra:<\/b><span style=\"font-weight: 400;\">\u00a0Volpone<\/span><span style=\"font-weight: 400;\"><br \/>\n<\/span><b>Autor:<\/b><span style=\"font-weight: 400;\">\u00a0Ben Jonson<\/span><span style=\"font-weight: 400;\"><br \/>\n<\/span><b>G\u00e9nero:<\/b><span style=\"font-weight: 400;\">\u00a0Comedia<\/span><span style=\"font-weight: 400;\"><br \/>\n<\/span><b>Clasificada:<\/b><span style=\"font-weight: 400;\"> 14 a\u00f1os<\/span><\/p>\n<\/div><a class=\"fusion-modal-text-link\" href=\"#\"><a href=\"https:\/\/www.acebucheteatro.com\/portal\/wp-content\/uploads\/2023\/08\/Programa-VOLPONE.pdf\" target=\"_blank\" rel=\"noopener noreferrer\"><span style=\"color: #ff9900;\">[+] Pulsa aqu\u00ed para ver el d\u00edptico de la obra<\/span><\/a><div class=\"fusion-clearfix\"><\/div><\/div><\/div><div class=\"fusion-layout-column fusion_builder_column fusion-builder-column-1 fusion_builder_column_1_2 1_2 fusion-one-half fusion-column-last\" style=\"--awb-bg-size:cover;width:50%;width:calc(50% - ( ( 4% ) * 0.5 ) );\"><div class=\"fusion-column-wrapper fusion-column-has-shadow fusion-flex-column-wrapper-legacy\"><div class=\"fusion-image-element in-legacy-container\" style=\"--awb-caption-title-font-family:var(--h2_typography-font-family);--awb-caption-title-font-weight:var(--h2_typography-font-weight);--awb-caption-title-font-style:var(--h2_typography-font-style);--awb-caption-title-size:var(--h2_typography-font-size);--awb-caption-title-transform:var(--h2_typography-text-transform);--awb-caption-title-line-height:var(--h2_typography-line-height);--awb-caption-title-letter-spacing:var(--h2_typography-letter-spacing);\"><span class=\" fusion-imageframe imageframe-none imageframe-1 hover-type-none\"><img decoding=\"async\" width=\"676\" height=\"916\" title=\"Cartel Teatro enObras\" src=\"https:\/\/www.acebucheteatro.com\/portal\/wp-content\/uploads\/2023\/08\/Cartel-Teatro-enObras.png\" alt class=\"img-responsive wp-image-15089\" srcset=\"https:\/\/www.acebucheteatro.com\/portal\/wp-content\/uploads\/2023\/08\/Cartel-Teatro-enObras-200x271.png 200w, https:\/\/www.acebucheteatro.com\/portal\/wp-content\/uploads\/2023\/08\/Cartel-Teatro-enObras-400x542.png 400w, https:\/\/www.acebucheteatro.com\/portal\/wp-content\/uploads\/2023\/08\/Cartel-Teatro-enObras-600x813.png 600w, https:\/\/www.acebucheteatro.com\/portal\/wp-content\/uploads\/2023\/08\/Cartel-Teatro-enObras.png 676w\" sizes=\"(max-width: 800px) 100vw, 600px\" \/><\/span><\/div><div class=\"fusion-clearfix\"><\/div><\/div><\/div><\/div><\/div><div class=\"fusion-fullwidth fullwidth-box fusion-builder-row-2 nonhundred-percent-fullwidth non-hundred-percent-height-scrolling\" style=\"--awb-border-radius-top-left:0px;--awb-border-radius-top-right:0px;--awb-border-radius-bottom-right:0px;--awb-border-radius-bottom-left:0px;--awb-flex-wrap:wrap;\" ><div class=\"fusion-builder-row fusion-row\"><div class=\"fusion-layout-column fusion_builder_column fusion-builder-column-2 fusion_builder_column_1_1 1_1 fusion-one-full fusion-column-first fusion-column-last\" style=\"--awb-bg-size:cover;\"><div class=\"fusion-column-wrapper fusion-column-has-shadow fusion-flex-column-wrapper-legacy\"><div class=\"fusion-image-element fusion-image-align-center in-legacy-container\" style=\"text-align:center;--awb-caption-title-font-family:var(--h2_typography-font-family);--awb-caption-title-font-weight:var(--h2_typography-font-weight);--awb-caption-title-font-style:var(--h2_typography-font-style);--awb-caption-title-size:var(--h2_typography-font-size);--awb-caption-title-transform:var(--h2_typography-text-transform);--awb-caption-title-line-height:var(--h2_typography-line-height);--awb-caption-title-letter-spacing:var(--h2_typography-letter-spacing);\"><div class=\"imageframe-align-center\"><span class=\" fusion-imageframe imageframe-none imageframe-2 hover-type-none\"><a class=\"fusion-no-lightbox\" href=\"https:\/\/www.acebucheteatro.com\/portal\/certamen\/\" target=\"_self\" aria-label=\"Certamen\"><img decoding=\"async\" width=\"942\" height=\"99\" src=\"https:\/\/www.acebucheteatro.com\/portal\/wp-content\/uploads\/2019\/05\/Certamen-1.jpg\" alt class=\"img-responsive wp-image-13941\" srcset=\"https:\/\/www.acebucheteatro.com\/portal\/wp-content\/uploads\/2019\/05\/Certamen-1-200x21.jpg 200w, https:\/\/www.acebucheteatro.com\/portal\/wp-content\/uploads\/2019\/05\/Certamen-1-400x42.jpg 400w, https:\/\/www.acebucheteatro.com\/portal\/wp-content\/uploads\/2019\/05\/Certamen-1-600x63.jpg 600w, https:\/\/www.acebucheteatro.com\/portal\/wp-content\/uploads\/2019\/05\/Certamen-1-800x84.jpg 800w, https:\/\/www.acebucheteatro.com\/portal\/wp-content\/uploads\/2019\/05\/Certamen-1.jpg 942w\" sizes=\"(max-width: 800px) 100vw, 942px\" \/><\/a><\/span><\/div><\/div><div class=\"fusion-clearfix\"><\/div><\/div><\/div><\/div><\/div><div class=\"fusion-fullwidth fullwidth-box fusion-builder-row-3 nonhundred-percent-fullwidth non-hundred-percent-height-scrolling\" style=\"--awb-border-radius-top-left:0px;--awb-border-radius-top-right:0px;--awb-border-radius-bottom-right:0px;--awb-border-radius-bottom-left:0px;--awb-flex-wrap:wrap;\" ><div class=\"fusion-builder-row fusion-row\"><div class=\"fusion-layout-column fusion_builder_column fusion-builder-column-3 fusion_builder_column_1_1 1_1 fusion-one-full fusion-column-first fusion-column-last\" style=\"--awb-bg-size:cover;\"><div class=\"fusion-column-wrapper fusion-column-has-shadow fusion-flex-column-wrapper-legacy\"><div class=\"fusion-blog-shortcode fusion-blog-shortcode-1 fusion-blog-archive fusion-blog-layout-grid-wrapper fusion-blog-pagination\"><style type=\"text\/css\">.fusion-blog-shortcode-1 .fusion-blog-layout-grid .fusion-post-grid{padding:20px;}.fusion-blog-shortcode-1 .fusion-posts-container{margin-left: -20px !important; margin-right:-20px !important;}<\/style><div class=\"fusion-posts-container fusion-posts-container-pagination fusion-blog-rollover fusion-blog-layout-grid fusion-blog-layout-grid-3 isotope\" data-pages=\"3\" data-grid-col-space=\"40\" style=\"margin: -20px -20px 0;min-height:500px;\"><article id=\"blog-1-post-15091\" class=\"fusion-post-grid has-post-thumbnail post-15091 post type-post status-publish format-video hentry category-certamen-teatro-aceuchal tag-32-certamen tag-acebuche-teatro tag-aceuchal tag-certamen tag-certamen-de-teatro-de-aceuchal tag-madrid-19-67 tag-no-profesional tag-paraskenia-teatro tag-xxxii-certamen-de-teatro-de-aceuchal post_format-post-format-video\">\n<div class=\"fusion-post-wrapper\" style=\"background-color:rgba(255,255,255,0);border:1px solid #ebeaea;border-bottom-width:3px;\">\n\n\t\t\t<div class=\"fusion-flexslider flexslider fusion-flexslider-loading fusion-post-slideshow\" style=\"border-color:#ebeaea;\">\n\t\t<ul class=\"slides\">\n\t\t\t\t\t\t\t<li>\n\t\t\t\t\t<div class=\"full-video\"><iframe width=\"560\" height=\"315\" src=\"https:\/\/www.youtube.com\/embed\/ruADlzW_lKI?rel=0\" frameborder=\"0\" allow=\"accelerometer; autoplay; encrypted-media; gyroscope; picture-in-picture\" allowfullscreen><\/iframe><\/div>\n\t\t\t\t<\/li>\n\t\t\t\n\t\t\t\t\t\t\t\t\t\t\t\t\t\t<li><div  class=\"fusion-image-wrapper\" aria-haspopup=\"true\">\n\t\t\t\t<img decoding=\"async\" width=\"395\" height=\"240\" src=\"https:\/\/www.acebucheteatro.com\/portal\/wp-content\/uploads\/2023\/08\/Madrid-19-67-e1691260354806.jpg\" class=\"attachment-full size-full wp-post-image\" alt=\"\" srcset=\"https:\/\/www.acebucheteatro.com\/portal\/wp-content\/uploads\/2023\/08\/Madrid-19-67-e1691260354806-200x122.jpg 200w, https:\/\/www.acebucheteatro.com\/portal\/wp-content\/uploads\/2023\/08\/Madrid-19-67-e1691260354806.jpg 395w\" sizes=\"(min-width: 2200px) 100vw, (min-width: 784px) 340px, (min-width: 712px) 510px, (min-width: 640px) 712px, \" \/><div class=\"fusion-rollover\">\n\t<div class=\"fusion-rollover-content\">\n\n\t\t\t\t\t\t\t\t\t\t\t\t\t\t<a class=\"fusion-rollover-link\" href=\"https:\/\/www.acebucheteatro.com\/portal\/20-de-agosto-2023-madrid-19-67-de-paraskenia-teatro\/\">20 de agosto 2023: \u201cMadrid 19-67\u201d, de Paraskenia Teatro<\/a>\n\t\t\t\n\t\t\t\t\t\t\t\t\t\t\t\t\t\t\n\t\t\t\t\t\t\t\t\n\t\t\t\t\t\t\t\t\t\t\t\t\t<div class=\"fusion-rollover-sep\"><\/div>\n\t\t\t\t\n\t\t\t\t\t\t\t\t\t\t\t\t\t\t\t\t\t\t<a class=\"fusion-rollover-gallery\" href=\"https:\/\/www.acebucheteatro.com\/portal\/wp-content\/uploads\/2023\/08\/Madrid-19-67-e1691260354806.jpg\" data-options=\"\" data-id=\"15091\" data-rel=\"iLightbox[gallery]\" data-title=\"Madrid 19-67\" data-caption=\"\">\n\t\t\t\t\t\tGaler\u00eda\t\t\t\t\t<\/a>\n\t\t\t\t\t\t\t\t\t\t\t\t\t\t\n\t\t\n\t\t\t\t\t\t\t\t\t\t\t\t<h4 class=\"fusion-rollover-title\">\n\t\t\t\t\t<a class=\"fusion-rollover-title-link\" href=\"https:\/\/www.acebucheteatro.com\/portal\/20-de-agosto-2023-madrid-19-67-de-paraskenia-teatro\/\">\n\t\t\t\t\t\t20 de agosto 2023: \u201cMadrid 19-67\u201d, de Paraskenia Teatro\t\t\t\t\t<\/a>\n\t\t\t\t<\/h4>\n\t\t\t\n\t\t\t\t\t\t\t\t\t\t<div class=\"fusion-rollover-categories\"><a href=\"https:\/\/www.acebucheteatro.com\/portal\/category\/certamen-teatro-aceuchal\/\" rel=\"tag\">News - Certamen Nacional de Teatro de Aceuchal<\/a><\/div>\t\t\t\t\t\n\t\t\n\t\t\t\t\t\t<a class=\"fusion-link-wrapper\" href=\"https:\/\/www.acebucheteatro.com\/portal\/20-de-agosto-2023-madrid-19-67-de-paraskenia-teatro\/\" aria-label=\"20 de agosto 2023: \u201cMadrid 19-67\u201d, de Paraskenia Teatro\"><\/a>\n\t<\/div>\n<\/div>\n<\/div>\n<\/li>\n\t\t\t\n\t\t\t\n\t\t\t\t\t\t\t\t\t\t\t\t\t\t\t\t\t\t\t\t\t\t\t\t\t\t\t\t\t\t\t\t\t\t\t\t\t\t\t\t\t\t\t\t\t\t\t\t\t\t\t\t\t\t\t\t\t\t\t\t\t\t\t\t\t\t\t\t<\/ul>\n\t<\/div>\n\t<div class=\"fusion-post-content-wrapper\" style=\"padding:30px 25px 20px 25px;\"><div class=\"fusion-post-content post-content\"><h2 class=\"blog-shortcode-post-title entry-title\"><a href=\"https:\/\/www.acebucheteatro.com\/portal\/20-de-agosto-2023-madrid-19-67-de-paraskenia-teatro\/\">20 de agosto 2023: \u201cMadrid 19-67\u201d, de Paraskenia Teatro<\/a><\/h2><p class=\"fusion-single-line-meta\"><span class=\"vcard\" style=\"display: none;\"><span class=\"fn\"><a href=\"https:\/\/www.acebucheteatro.com\/portal\/author\/admin\/\" title=\"Entradas de Francisco Jos\u00e9 Rodr\u00edguez Velasco\" rel=\"author\">Francisco Jos\u00e9 Rodr\u00edguez Velasco<\/a><\/span><\/span><span class=\"updated\" style=\"display:none;\">2023-08-18T19:10:57+02:00<\/span><span>20 de agosto de 2023<\/span><span class=\"fusion-inline-sep\">|<\/span><\/p><div class=\"fusion-content-sep sep-double sep-solid\"><\/div><\/div><div class=\"fusion-meta-info\"><div class=\"fusion-alignleft\"><a class=\"fusion-read-more\" href=\"https:\/\/www.acebucheteatro.com\/portal\/20-de-agosto-2023-madrid-19-67-de-paraskenia-teatro\/\" aria-label=\"More on 20 de agosto 2023: \u201cMadrid 19-67\u201d, de Paraskenia Teatro\">Leer M\u00e1s<\/a><\/div><\/div><\/div><div class=\"fusion-clearfix\"><\/div><\/div>\n<\/article>\n<article id=\"blog-1-post-15088\" class=\"fusion-post-grid has-post-thumbnail post-15088 post type-post status-publish format-video hentry category-certamen-teatro-aceuchal tag-32-certamen tag-acebuche-teatro tag-aceuchal tag-certamen tag-certamen-de-teatro-de-aceuchal tag-no-profesional tag-teatro-enobras tag-volpone tag-xxxii-certamen-de-teatro-de-aceuchal post_format-post-format-video\">\n<div class=\"fusion-post-wrapper\" style=\"background-color:rgba(255,255,255,0);border:1px solid #ebeaea;border-bottom-width:3px;\">\n\n\t\t\t<div class=\"fusion-flexslider flexslider fusion-flexslider-loading fusion-post-slideshow\" style=\"border-color:#ebeaea;\">\n\t\t<ul class=\"slides\">\n\t\t\t\t\t\t\t<li>\n\t\t\t\t\t<div class=\"full-video\"><iframe width=\"560\" height=\"315\" src=\"https:\/\/www.youtube.com\/embed\/E-M3tky4oi0?rel=0\" frameborder=\"0\" allow=\"accelerometer; autoplay; encrypted-media; gyroscope; picture-in-picture\" allowfullscreen><\/iframe><\/div>\n\t\t\t\t<\/li>\n\t\t\t\n\t\t\t\t\t\t\t\t\t\t\t\t\t\t<li><div  class=\"fusion-image-wrapper\" aria-haspopup=\"true\">\n\t\t\t\t<img decoding=\"async\" width=\"394\" height=\"240\" src=\"https:\/\/www.acebucheteatro.com\/portal\/wp-content\/uploads\/2023\/08\/Volpone-scaled-e1691260247741.jpg\" class=\"attachment-full size-full wp-post-image\" alt=\"\" srcset=\"https:\/\/www.acebucheteatro.com\/portal\/wp-content\/uploads\/2023\/08\/Volpone-scaled-e1691260247741-200x122.jpg 200w, https:\/\/www.acebucheteatro.com\/portal\/wp-content\/uploads\/2023\/08\/Volpone-scaled-e1691260247741.jpg 394w\" sizes=\"(min-width: 2200px) 100vw, (min-width: 784px) 340px, (min-width: 712px) 510px, (min-width: 640px) 712px, \" \/><div class=\"fusion-rollover\">\n\t<div class=\"fusion-rollover-content\">\n\n\t\t\t\t\t\t\t\t\t\t\t\t\t\t<a class=\"fusion-rollover-link\" href=\"https:\/\/www.acebucheteatro.com\/portal\/19-de-agosto-volpone-de-teatro-enobras\/\">19 de agosto 2023: \u201cVolpone\u201d, de Teatro EnObras<\/a>\n\t\t\t\n\t\t\t\t\t\t\t\t\t\t\t\t\t\t\n\t\t\t\t\t\t\t\t\n\t\t\t\t\t\t\t\t\t\t\t\t\t<div class=\"fusion-rollover-sep\"><\/div>\n\t\t\t\t\n\t\t\t\t\t\t\t\t\t\t\t\t\t\t\t\t\t\t<a class=\"fusion-rollover-gallery\" href=\"https:\/\/www.acebucheteatro.com\/portal\/wp-content\/uploads\/2023\/08\/Volpone-scaled-e1691260247741.jpg\" data-options=\"\" data-id=\"15088\" data-rel=\"iLightbox[gallery]\" data-title=\"Volpone\" data-caption=\"\">\n\t\t\t\t\t\tGaler\u00eda\t\t\t\t\t<\/a>\n\t\t\t\t\t\t\t\t\t\t\t\t\t\t\n\t\t\n\t\t\t\t\t\t\t\t\t\t\t\t<h4 class=\"fusion-rollover-title\">\n\t\t\t\t\t<a class=\"fusion-rollover-title-link\" href=\"https:\/\/www.acebucheteatro.com\/portal\/19-de-agosto-volpone-de-teatro-enobras\/\">\n\t\t\t\t\t\t19 de agosto 2023: \u201cVolpone\u201d, de Teatro EnObras\t\t\t\t\t<\/a>\n\t\t\t\t<\/h4>\n\t\t\t\n\t\t\t\t\t\t\t\t\t\t<div class=\"fusion-rollover-categories\"><a href=\"https:\/\/www.acebucheteatro.com\/portal\/category\/certamen-teatro-aceuchal\/\" rel=\"tag\">News - Certamen Nacional de Teatro de Aceuchal<\/a><\/div>\t\t\t\t\t\n\t\t\n\t\t\t\t\t\t<a class=\"fusion-link-wrapper\" href=\"https:\/\/www.acebucheteatro.com\/portal\/19-de-agosto-volpone-de-teatro-enobras\/\" aria-label=\"19 de agosto 2023: \u201cVolpone\u201d, de Teatro EnObras\"><\/a>\n\t<\/div>\n<\/div>\n<\/div>\n<\/li>\n\t\t\t\n\t\t\t\n\t\t\t\t\t\t\t\t\t\t\t\t\t\t\t\t\t\t\t\t\t\t\t\t\t\t\t\t\t\t\t\t\t\t\t\t\t\t\t\t\t\t\t\t\t\t\t\t\t\t\t\t\t\t\t\t\t\t\t\t\t\t\t\t\t\t\t\t<\/ul>\n\t<\/div>\n\t<div class=\"fusion-post-content-wrapper\" style=\"padding:30px 25px 20px 25px;\"><div class=\"fusion-post-content post-content\"><h2 class=\"blog-shortcode-post-title entry-title\"><a href=\"https:\/\/www.acebucheteatro.com\/portal\/19-de-agosto-volpone-de-teatro-enobras\/\">19 de agosto 2023: \u201cVolpone\u201d, de Teatro EnObras<\/a><\/h2><p class=\"fusion-single-line-meta\"><span class=\"vcard\" style=\"display: none;\"><span class=\"fn\"><a href=\"https:\/\/www.acebucheteatro.com\/portal\/author\/admin\/\" title=\"Entradas de Francisco Jos\u00e9 Rodr\u00edguez Velasco\" rel=\"author\">Francisco Jos\u00e9 Rodr\u00edguez Velasco<\/a><\/span><\/span><span class=\"updated\" style=\"display:none;\">2023-08-18T18:58:18+02:00<\/span><span>19 de agosto de 2023<\/span><span class=\"fusion-inline-sep\">|<\/span><\/p><div class=\"fusion-content-sep sep-double sep-solid\"><\/div><\/div><div class=\"fusion-meta-info\"><div class=\"fusion-alignleft\"><a class=\"fusion-read-more\" href=\"https:\/\/www.acebucheteatro.com\/portal\/19-de-agosto-volpone-de-teatro-enobras\/\" aria-label=\"More on 19 de agosto 2023: \u201cVolpone\u201d, de Teatro EnObras\">Leer M\u00e1s<\/a><\/div><\/div><\/div><div class=\"fusion-clearfix\"><\/div><\/div>\n<\/article>\n<article id=\"blog-1-post-15085\" class=\"fusion-post-grid has-post-thumbnail post-15085 post type-post status-publish format-video hentry category-certamen-teatro-aceuchal tag-32-certamen tag-acebuche-teatro tag-aceuchal tag-atraco-a-las-tres tag-certamen tag-certamen-de-teatro-de-aceuchal tag-no-profesional tag-todo-sobre-eva tag-xxxii-certamen-de-teatro-de-aceuchal post_format-post-format-video\">\n<div class=\"fusion-post-wrapper\" style=\"background-color:rgba(255,255,255,0);border:1px solid #ebeaea;border-bottom-width:3px;\">\n\n\t\t\t<div class=\"fusion-flexslider flexslider fusion-flexslider-loading fusion-post-slideshow\" style=\"border-color:#ebeaea;\">\n\t\t<ul class=\"slides\">\n\t\t\t\t\t\t\t<li>\n\t\t\t\t\t<div class=\"full-video\"><iframe width=\"560\" height=\"315\" src=\"https:\/\/www.youtube.com\/embed\/Eo9qCif9kSQ?rel=0\" frameborder=\"0\" allow=\"accelerometer; autoplay; encrypted-media; gyroscope; picture-in-picture\" allowfullscreen><\/iframe><\/div>\n\t\t\t\t<\/li>\n\t\t\t\n\t\t\t\t\t\t\t\t\t\t\t\t\t\t<li><div  class=\"fusion-image-wrapper\" aria-haspopup=\"true\">\n\t\t\t\t<img decoding=\"async\" width=\"395\" height=\"240\" src=\"https:\/\/www.acebucheteatro.com\/portal\/wp-content\/uploads\/2023\/08\/Atraco-a-las-tres-scaled-e1691260134746.jpg\" class=\"attachment-full size-full wp-post-image\" alt=\"\" srcset=\"https:\/\/www.acebucheteatro.com\/portal\/wp-content\/uploads\/2023\/08\/Atraco-a-las-tres-scaled-e1691260134746-200x122.jpg 200w, https:\/\/www.acebucheteatro.com\/portal\/wp-content\/uploads\/2023\/08\/Atraco-a-las-tres-scaled-e1691260134746.jpg 395w\" sizes=\"(min-width: 2200px) 100vw, (min-width: 784px) 340px, (min-width: 712px) 510px, (min-width: 640px) 712px, \" \/><div class=\"fusion-rollover\">\n\t<div class=\"fusion-rollover-content\">\n\n\t\t\t\t\t\t\t\t\t\t\t\t\t\t<a class=\"fusion-rollover-link\" href=\"https:\/\/www.acebucheteatro.com\/portal\/18-de-agosto-2023-atraco-a-las-tres-de-todo-sobre-eva\/\">18 de agosto 2023: \u201cAtraco a las Tres\u201d, de Todo sobre Eva<\/a>\n\t\t\t\n\t\t\t\t\t\t\t\t\t\t\t\t\t\t\n\t\t\t\t\t\t\t\t\n\t\t\t\t\t\t\t\t\t\t\t\t\t<div class=\"fusion-rollover-sep\"><\/div>\n\t\t\t\t\n\t\t\t\t\t\t\t\t\t\t\t\t\t\t\t\t\t\t<a class=\"fusion-rollover-gallery\" href=\"https:\/\/www.acebucheteatro.com\/portal\/wp-content\/uploads\/2023\/08\/Atraco-a-las-tres-scaled-e1691260134746.jpg\" data-options=\"\" data-id=\"15085\" data-rel=\"iLightbox[gallery]\" data-title=\"Atraco a las tres\" data-caption=\"\">\n\t\t\t\t\t\tGaler\u00eda\t\t\t\t\t<\/a>\n\t\t\t\t\t\t\t\t\t\t\t\t\t\t\n\t\t\n\t\t\t\t\t\t\t\t\t\t\t\t<h4 class=\"fusion-rollover-title\">\n\t\t\t\t\t<a class=\"fusion-rollover-title-link\" href=\"https:\/\/www.acebucheteatro.com\/portal\/18-de-agosto-2023-atraco-a-las-tres-de-todo-sobre-eva\/\">\n\t\t\t\t\t\t18 de agosto 2023: \u201cAtraco a las Tres\u201d, de Todo sobre Eva\t\t\t\t\t<\/a>\n\t\t\t\t<\/h4>\n\t\t\t\n\t\t\t\t\t\t\t\t\t\t<div class=\"fusion-rollover-categories\"><a href=\"https:\/\/www.acebucheteatro.com\/portal\/category\/certamen-teatro-aceuchal\/\" rel=\"tag\">News - Certamen Nacional de Teatro de Aceuchal<\/a><\/div>\t\t\t\t\t\n\t\t\n\t\t\t\t\t\t<a class=\"fusion-link-wrapper\" href=\"https:\/\/www.acebucheteatro.com\/portal\/18-de-agosto-2023-atraco-a-las-tres-de-todo-sobre-eva\/\" aria-label=\"18 de agosto 2023: \u201cAtraco a las Tres\u201d, de Todo sobre Eva\"><\/a>\n\t<\/div>\n<\/div>\n<\/div>\n<\/li>\n\t\t\t\n\t\t\t\n\t\t\t\t\t\t\t\t\t\t\t\t\t\t\t\t\t\t\t\t\t\t\t\t\t\t\t\t\t\t\t\t\t\t\t\t\t\t\t\t\t\t\t\t\t\t\t\t\t\t\t\t\t\t\t\t\t\t\t\t\t\t\t\t\t\t\t\t<\/ul>\n\t<\/div>\n\t<div class=\"fusion-post-content-wrapper\" style=\"padding:30px 25px 20px 25px;\"><div class=\"fusion-post-content post-content\"><h2 class=\"blog-shortcode-post-title entry-title\"><a href=\"https:\/\/www.acebucheteatro.com\/portal\/18-de-agosto-2023-atraco-a-las-tres-de-todo-sobre-eva\/\">18 de agosto 2023: \u201cAtraco a las Tres\u201d, de Todo sobre Eva<\/a><\/h2><p class=\"fusion-single-line-meta\"><span class=\"vcard\" style=\"display: none;\"><span class=\"fn\"><a href=\"https:\/\/www.acebucheteatro.com\/portal\/author\/admin\/\" title=\"Entradas de Francisco Jos\u00e9 Rodr\u00edguez Velasco\" rel=\"author\">Francisco Jos\u00e9 Rodr\u00edguez Velasco<\/a><\/span><\/span><span class=\"updated\" style=\"display:none;\">2023-08-18T11:02:07+02:00<\/span><span>18 de agosto de 2023<\/span><span class=\"fusion-inline-sep\">|<\/span><\/p><div class=\"fusion-content-sep sep-double sep-solid\"><\/div><\/div><div class=\"fusion-meta-info\"><div class=\"fusion-alignleft\"><a class=\"fusion-read-more\" href=\"https:\/\/www.acebucheteatro.com\/portal\/18-de-agosto-2023-atraco-a-las-tres-de-todo-sobre-eva\/\" aria-label=\"More on 18 de agosto 2023: \u201cAtraco a las Tres\u201d, de Todo sobre Eva\">Leer M\u00e1s<\/a><\/div><\/div><\/div><div class=\"fusion-clearfix\"><\/div><\/div>\n<\/article>\n<div class=\"fusion-clearfix\"><\/div><\/div><div class=\"pagination clearfix\"><span class=\"current\">1<\/span><a href=\"https:\/\/www.acebucheteatro.com\/portal\/wp-json\/wp\/v2\/posts\/15088\/page\/2\/\" class=\"inactive\">2<\/a><a class=\"pagination-next\" rel=\"next\" href=\"https:\/\/www.acebucheteatro.com\/portal\/wp-json\/wp\/v2\/posts\/15088\/page\/2\/\"><span class=\"page-text\">Siguiente<\/span><span class=\"page-next\"><\/span><\/a><\/div><div class=\"fusion-clearfix\"><\/div><\/div><div class=\"fusion-clearfix\"><\/div><\/div><\/div><\/div><\/div><div class=\"fusion-fullwidth fullwidth-box fusion-builder-row-4 fusion-flex-container nonhundred-percent-fullwidth non-hundred-percent-height-scrolling\" style=\"--awb-border-radius-top-left:0px;--awb-border-radius-top-right:0px;--awb-border-radius-bottom-right:0px;--awb-border-radius-bottom-left:0px;--awb-flex-wrap:wrap;\" ><div class=\"fusion-builder-row fusion-row fusion-flex-align-items-flex-start fusion-flex-content-wrap\" style=\"max-width:1144px;margin-left: calc(-4% \/ 2 );margin-right: calc(-4% \/ 2 );\"><div class=\"fusion-layout-column fusion_builder_column fusion-builder-column-4 fusion_builder_column_1_1 1_1 fusion-flex-column\" style=\"--awb-bg-size:cover;--awb-width-large:100%;--awb-margin-top-large:0px;--awb-spacing-right-large:1.92%;--awb-margin-bottom-large:0px;--awb-spacing-left-large:1.92%;--awb-width-medium:100%;--awb-spacing-right-medium:1.92%;--awb-spacing-left-medium:1.92%;--awb-width-small:100%;--awb-spacing-right-small:1.92%;--awb-spacing-left-small:1.92%;\"><div class=\"fusion-column-wrapper fusion-flex-justify-content-flex-start fusion-content-layout-column\"><div class=\"fusion-text fusion-text-3\"><p><\/a><\/p>\n<\/div><\/div><\/div><\/div><\/div><\/p>\n","protected":false},"excerpt":{"rendered":"","protected":false},"author":1,"featured_media":15009,"comment_status":"open","ping_status":"open","sticky":false,"template":"","format":"video","meta":{"jetpack_post_was_ever_published":false,"_jetpack_newsletter_access":"","_jetpack_dont_email_post_to_subs":false,"_jetpack_newsletter_tier_id":0,"_jetpack_memberships_contains_paywalled_content":false,"_jetpack_memberships_contains_paid_content":false,"footnotes":"","jetpack_publicize_message":"","jetpack_publicize_feature_enabled":true,"jetpack_social_post_already_shared":true,"jetpack_social_options":{"image_generator_settings":{"template":"highway","default_image_id":0,"font":"","enabled":false},"version":2}},"categories":[58],"tags":[183,76,70,54,55,109,192,191,182],"class_list":["post-15088","post","type-post","status-publish","format-video","has-post-thumbnail","hentry","category-certamen-teatro-aceuchal","tag-32-certamen","tag-acebuche-teatro","tag-aceuchal","tag-certamen","tag-certamen-de-teatro-de-aceuchal","tag-no-profesional","tag-teatro-enobras","tag-volpone","tag-xxxii-certamen-de-teatro-de-aceuchal","post_format-post-format-video"],"wppr_data":{"cwp_meta_box_check":"No"},"jetpack_publicize_connections":[],"jetpack_featured_media_url":"https:\/\/www.acebucheteatro.com\/portal\/wp-content\/uploads\/2023\/08\/Volpone-scaled-e1691260247741.jpg","jetpack_sharing_enabled":true,"jetpack_shortlink":"https:\/\/wp.me\/p6Bz4e-3Vm","_links":{"self":[{"href":"https:\/\/www.acebucheteatro.com\/portal\/wp-json\/wp\/v2\/posts\/15088","targetHints":{"allow":["GET"]}}],"collection":[{"href":"https:\/\/www.acebucheteatro.com\/portal\/wp-json\/wp\/v2\/posts"}],"about":[{"href":"https:\/\/www.acebucheteatro.com\/portal\/wp-json\/wp\/v2\/types\/post"}],"author":[{"embeddable":true,"href":"https:\/\/www.acebucheteatro.com\/portal\/wp-json\/wp\/v2\/users\/1"}],"replies":[{"embeddable":true,"href":"https:\/\/www.acebucheteatro.com\/portal\/wp-json\/wp\/v2\/comments?post=15088"}],"version-history":[{"count":1,"href":"https:\/\/www.acebucheteatro.com\/portal\/wp-json\/wp\/v2\/posts\/15088\/revisions"}],"predecessor-version":[{"id":15090,"href":"https:\/\/www.acebucheteatro.com\/portal\/wp-json\/wp\/v2\/posts\/15088\/revisions\/15090"}],"wp:featuredmedia":[{"embeddable":true,"href":"https:\/\/www.acebucheteatro.com\/portal\/wp-json\/wp\/v2\/media\/15009"}],"wp:attachment":[{"href":"https:\/\/www.acebucheteatro.com\/portal\/wp-json\/wp\/v2\/media?parent=15088"}],"wp:term":[{"taxonomy":"category","embeddable":true,"href":"https:\/\/www.acebucheteatro.com\/portal\/wp-json\/wp\/v2\/categories?post=15088"},{"taxonomy":"post_tag","embeddable":true,"href":"https:\/\/www.acebucheteatro.com\/portal\/wp-json\/wp\/v2\/tags?post=15088"}],"curies":[{"name":"wp","href":"https:\/\/api.w.org\/{rel}","templated":true}]}}