{"id":15340,"date":"2025-04-18T20:24:16","date_gmt":"2025-04-18T18:24:16","guid":{"rendered":"https:\/\/www.acebucheteatro.com\/portal\/?p=15340"},"modified":"2025-04-18T20:24:16","modified_gmt":"2025-04-18T18:24:16","slug":"certamen_mora_2025","status":"publish","type":"post","link":"https:\/\/www.acebucheteatro.com\/portal\/certamen_mora_2025\/","title":{"rendered":"ACEBUCHE-TEATRO pas\u00f3 por el Certamen Nacional de Teatro Villa de Mora (Toledo)"},"content":{"rendered":"<div class=\"fusion-fullwidth fullwidth-box fusion-builder-row-1 nonhundred-percent-fullwidth non-hundred-percent-height-scrolling\" style=\"--awb-border-radius-top-left:0px;--awb-border-radius-top-right:0px;--awb-border-radius-bottom-right:0px;--awb-border-radius-bottom-left:0px;--awb-flex-wrap:wrap;\" ><div class=\"fusion-builder-row fusion-row\"><div class=\"fusion-layout-column fusion_builder_column fusion-builder-column-0 fusion_builder_column_1_2 1_2 fusion-one-half fusion-column-first\" style=\"--awb-bg-size:cover;width:50%;width:calc(50% - ( ( 4% ) * 0.5 ) );margin-right: 4%;\"><div class=\"fusion-column-wrapper fusion-column-has-shadow fusion-flex-column-wrapper-legacy\"><div class=\"fusion-text fusion-text-1\"><p><span class=\"fusion-dropcap dropcap\">C<\/span>ada a\u00f1o, como un ritual, escrib\u00edamos al <em>Certamen Nacional de Teatro Aficionado \u201cVilla de Mora\u201d<\/em>. Enviamos varios montajes, como \u201cEsparranco\u201d o \u201cLa Siega\u201d. Sab\u00edamos que \u00e9ramos muchos los grupos que solicit\u00e1bamos participar en \u00e9l, que resultaba muy complicado que nos seleccionaran\u2026 pero lleg\u00f3 el d\u00eda. <em><strong>\u201cLa Caduta\u201d<\/strong><\/em> comenzaba su rodaje fuera de casa, precisamente, en este Certamen, en el que hab\u00edan recibido 357 propuestas esc\u00e9nicas en su <strong>27\u00aa Edici\u00f3<\/strong>n. Nervios, ganas, ilusi\u00f3n, responsabilidad, deseos inmensos de volver a pisar las tablas tras nuestro estreno en casa.<\/p>\n<p>Y para all\u00e1 nos fuimos. El pasado s\u00e1bado, 12 de abril, a las 20:30 horas, comenz\u00f3 la funci\u00f3n en el <strong><em>Teatro Principal<\/em> de Mora<\/strong>. <strong>\u00a1Qu\u00e9 p\u00fablico tan conectado y respetuoso!<\/strong> Nos sentimos tan c\u00f3modos, que lo disfrutamos el doble. <strong>La <em>Compa\u00f1\u00eda de Teatro Atenea<\/em>, organizadores del evento, nos trataron con una cercan\u00eda y amabilidad absoluta<\/strong>. \u00bfQu\u00e9 m\u00e1s podemos pedir? Nunca olvidaremos nuestro paso por Mora; no s\u00f3lo por el placer de actuar en su escenario y compartir cartel con otros tantos compa\u00f1eros y compa\u00f1eras, sino por su gastronom\u00eda, la atenci\u00f3n de su gente y un largo etc\u00e9tera.<\/p>\n<p><strong>Muchas gracias a todos: p\u00fablico, organizadores, ayuntamiento\u2026<\/strong><\/p>\n<p><strong>\u00a1Larga vida al teatro amateur!<\/strong><\/p>\n<\/div><div class=\"fusion-clearfix\"><\/div><\/div><\/div><div class=\"fusion-layout-column fusion_builder_column fusion-builder-column-1 fusion_builder_column_1_2 1_2 fusion-one-half fusion-column-last\" style=\"--awb-bg-size:cover;width:50%;width:calc(50% - ( ( 4% ) * 0.5 ) );\"><div class=\"fusion-column-wrapper fusion-column-has-shadow fusion-flex-column-wrapper-legacy\"><iframe src=\"https:\/\/www.ivoox.com\/player_ej_144842613_6_1.html?c1=f17b18\" width=\"100%\" height=\"200\" frameborder=\"0\" allowfullscreen=\"\" scrolling=\"no\" loading=\"lazy\"><\/iframe><div class=\"fusion-sep-clear\"><\/div><div class=\"fusion-separator fusion-full-width-sep\" style=\"margin-left: auto;margin-right: auto;margin-bottom:20px;width:100%;\"><\/div><div class=\"fusion-sep-clear\"><\/div><div class=\"awb-gallery-wrapper awb-gallery-wrapper-1 button-span-no\" style=\"--more-btn-alignment:center;\" data-limit=\"10\" data-page=\"1\"><div style=\"margin:-5px;--awb-bordersize:0px;\" class=\"fusion-gallery fusion-gallery-container fusion-grid-3 fusion-columns-total-4 fusion-gallery-layout-grid fusion-gallery-1\"><div style=\"padding:5px;\" class=\"fusion-grid-column fusion-gallery-column fusion-gallery-column-3\"><div class=\"fusion-gallery-image fusion-gallery-image-liftup\"><a href=\"https:\/\/www.acebucheteatro.com\/portal\/wp-content\/uploads\/2025\/04\/mora-2025-02.jpg\" rel=\"noreferrer\" data-rel=\"iLightbox[gallery_image_1]\" class=\"fusion-lightbox\" target=\"_self\"><img decoding=\"async\" src=\"https:\/\/www.acebucheteatro.com\/portal\/wp-content\/uploads\/2025\/04\/mora-2025-02.jpg\" width=\"1024\" height=\"683\" alt=\"\" title=\"Angel Diaz-Delgado\" aria-label=\"Angel Diaz-Delgado\" class=\"img-responsive wp-image-15345\" srcset=\"https:\/\/www.acebucheteatro.com\/portal\/wp-content\/uploads\/2025\/04\/mora-2025-02-200x133.jpg 200w, https:\/\/www.acebucheteatro.com\/portal\/wp-content\/uploads\/2025\/04\/mora-2025-02-400x267.jpg 400w, https:\/\/www.acebucheteatro.com\/portal\/wp-content\/uploads\/2025\/04\/mora-2025-02-600x400.jpg 600w, https:\/\/www.acebucheteatro.com\/portal\/wp-content\/uploads\/2025\/04\/mora-2025-02-800x534.jpg 800w, https:\/\/www.acebucheteatro.com\/portal\/wp-content\/uploads\/2025\/04\/mora-2025-02.jpg 1024w\" sizes=\"(min-width: 2200px) 100vw, (min-width: 784px) 363px, (min-width: 712px) 545px, (min-width: 640px) 712px, \" \/><\/a><\/div><\/div><div style=\"padding:5px;\" class=\"fusion-grid-column fusion-gallery-column fusion-gallery-column-3\"><div class=\"fusion-gallery-image fusion-gallery-image-liftup\"><a href=\"https:\/\/www.acebucheteatro.com\/portal\/wp-content\/uploads\/2025\/04\/mora-2025-01.jpg\" rel=\"noreferrer\" data-rel=\"iLightbox[gallery_image_1]\" class=\"fusion-lightbox\" target=\"_self\"><img decoding=\"async\" src=\"https:\/\/www.acebucheteatro.com\/portal\/wp-content\/uploads\/2025\/04\/mora-2025-01.jpg\" width=\"1024\" height=\"493\" alt=\"\" title=\"Angel Diaz-Delgado\" aria-label=\"Angel Diaz-Delgado\" class=\"img-responsive wp-image-15341\" srcset=\"https:\/\/www.acebucheteatro.com\/portal\/wp-content\/uploads\/2025\/04\/mora-2025-01-200x96.jpg 200w, https:\/\/www.acebucheteatro.com\/portal\/wp-content\/uploads\/2025\/04\/mora-2025-01-400x193.jpg 400w, https:\/\/www.acebucheteatro.com\/portal\/wp-content\/uploads\/2025\/04\/mora-2025-01-600x289.jpg 600w, https:\/\/www.acebucheteatro.com\/portal\/wp-content\/uploads\/2025\/04\/mora-2025-01-800x385.jpg 800w, https:\/\/www.acebucheteatro.com\/portal\/wp-content\/uploads\/2025\/04\/mora-2025-01.jpg 1024w\" sizes=\"(min-width: 2200px) 100vw, (min-width: 784px) 363px, (min-width: 712px) 545px, (min-width: 640px) 712px, \" \/><\/a><\/div><\/div><div style=\"padding:5px;\" class=\"fusion-grid-column fusion-gallery-column fusion-gallery-column-3\"><div class=\"fusion-gallery-image fusion-gallery-image-liftup\"><a href=\"https:\/\/www.acebucheteatro.com\/portal\/wp-content\/uploads\/2025\/04\/mora-2025-03.jpg\" rel=\"noreferrer\" data-rel=\"iLightbox[gallery_image_1]\" class=\"fusion-lightbox\" target=\"_self\"><img decoding=\"async\" src=\"https:\/\/www.acebucheteatro.com\/portal\/wp-content\/uploads\/2025\/04\/mora-2025-03.jpg\" width=\"1024\" height=\"683\" alt=\"\" title=\"Angel Diaz-Delgado\" aria-label=\"Angel Diaz-Delgado\" class=\"img-responsive wp-image-15344\" srcset=\"https:\/\/www.acebucheteatro.com\/portal\/wp-content\/uploads\/2025\/04\/mora-2025-03-200x133.jpg 200w, https:\/\/www.acebucheteatro.com\/portal\/wp-content\/uploads\/2025\/04\/mora-2025-03-400x267.jpg 400w, https:\/\/www.acebucheteatro.com\/portal\/wp-content\/uploads\/2025\/04\/mora-2025-03-600x400.jpg 600w, https:\/\/www.acebucheteatro.com\/portal\/wp-content\/uploads\/2025\/04\/mora-2025-03-800x534.jpg 800w, https:\/\/www.acebucheteatro.com\/portal\/wp-content\/uploads\/2025\/04\/mora-2025-03.jpg 1024w\" sizes=\"(min-width: 2200px) 100vw, (min-width: 784px) 363px, (min-width: 712px) 545px, (min-width: 640px) 712px, \" \/><\/a><\/div><\/div><div class=\"clearfix\"><\/div><div style=\"padding:5px;\" class=\"fusion-grid-column fusion-gallery-column fusion-gallery-column-3\"><div class=\"fusion-gallery-image fusion-gallery-image-liftup\"><a href=\"https:\/\/www.acebucheteatro.com\/portal\/wp-content\/uploads\/2025\/04\/mora-2025-04.jpg\" rel=\"noreferrer\" data-rel=\"iLightbox[gallery_image_1]\" class=\"fusion-lightbox\" target=\"_self\"><img decoding=\"async\" src=\"https:\/\/www.acebucheteatro.com\/portal\/wp-content\/uploads\/2025\/04\/mora-2025-04.jpg\" width=\"1600\" height=\"720\" alt=\"\" title=\"mora-2025-04\" aria-label=\"mora-2025-04\" class=\"img-responsive wp-image-15343\" srcset=\"https:\/\/www.acebucheteatro.com\/portal\/wp-content\/uploads\/2025\/04\/mora-2025-04-200x90.jpg 200w, https:\/\/www.acebucheteatro.com\/portal\/wp-content\/uploads\/2025\/04\/mora-2025-04-400x180.jpg 400w, https:\/\/www.acebucheteatro.com\/portal\/wp-content\/uploads\/2025\/04\/mora-2025-04-600x270.jpg 600w, https:\/\/www.acebucheteatro.com\/portal\/wp-content\/uploads\/2025\/04\/mora-2025-04-800x360.jpg 800w, https:\/\/www.acebucheteatro.com\/portal\/wp-content\/uploads\/2025\/04\/mora-2025-04-1200x540.jpg 1200w, https:\/\/www.acebucheteatro.com\/portal\/wp-content\/uploads\/2025\/04\/mora-2025-04.jpg 1600w\" sizes=\"(min-width: 2200px) 100vw, (min-width: 784px) 363px, (min-width: 712px) 545px, (min-width: 640px) 712px, \" \/><\/a><\/div><\/div><\/div><\/div><div class=\"fusion-clearfix\"><\/div><\/div><\/div><\/div><\/div>\n","protected":false},"excerpt":{"rendered":"","protected":false},"author":1,"featured_media":15341,"comment_status":"open","ping_status":"open","sticky":false,"template":"","format":"standard","meta":{"jetpack_post_was_ever_published":false,"_jetpack_newsletter_access":"","_jetpack_dont_email_post_to_subs":false,"_jetpack_newsletter_tier_id":0,"_jetpack_memberships_contains_paywalled_content":false,"_jetpack_memberships_contains_paid_content":false,"footnotes":"","jetpack_publicize_message":"","jetpack_publicize_feature_enabled":true,"jetpack_social_post_already_shared":true,"jetpack_social_options":{"image_generator_settings":{"template":"highway","default_image_id":0,"font":"","enabled":false},"version":2}},"categories":[207],"tags":[76,54,204,205],"class_list":["post-15340","post","type-post","status-publish","format-standard","has-post-thumbnail","hentry","category-news-la-caduta","tag-acebuche-teatro","tag-certamen","tag-la-caduta","tag-villa-de-mora"],"wppr_data":{"cwp_meta_box_check":"No"},"jetpack_publicize_connections":[],"jetpack_featured_media_url":"https:\/\/www.acebucheteatro.com\/portal\/wp-content\/uploads\/2025\/04\/mora-2025-01.jpg","jetpack_sharing_enabled":true,"jetpack_shortlink":"https:\/\/wp.me\/p6Bz4e-3Zq","_links":{"self":[{"href":"https:\/\/www.acebucheteatro.com\/portal\/wp-json\/wp\/v2\/posts\/15340","targetHints":{"allow":["GET"]}}],"collection":[{"href":"https:\/\/www.acebucheteatro.com\/portal\/wp-json\/wp\/v2\/posts"}],"about":[{"href":"https:\/\/www.acebucheteatro.com\/portal\/wp-json\/wp\/v2\/types\/post"}],"author":[{"embeddable":true,"href":"https:\/\/www.acebucheteatro.com\/portal\/wp-json\/wp\/v2\/users\/1"}],"replies":[{"embeddable":true,"href":"https:\/\/www.acebucheteatro.com\/portal\/wp-json\/wp\/v2\/comments?post=15340"}],"version-history":[{"count":3,"href":"https:\/\/www.acebucheteatro.com\/portal\/wp-json\/wp\/v2\/posts\/15340\/revisions"}],"predecessor-version":[{"id":15347,"href":"https:\/\/www.acebucheteatro.com\/portal\/wp-json\/wp\/v2\/posts\/15340\/revisions\/15347"}],"wp:featuredmedia":[{"embeddable":true,"href":"https:\/\/www.acebucheteatro.com\/portal\/wp-json\/wp\/v2\/media\/15341"}],"wp:attachment":[{"href":"https:\/\/www.acebucheteatro.com\/portal\/wp-json\/wp\/v2\/media?parent=15340"}],"wp:term":[{"taxonomy":"category","embeddable":true,"href":"https:\/\/www.acebucheteatro.com\/portal\/wp-json\/wp\/v2\/categories?post=15340"},{"taxonomy":"post_tag","embeddable":true,"href":"https:\/\/www.acebucheteatro.com\/portal\/wp-json\/wp\/v2\/tags?post=15340"}],"curies":[{"name":"wp","href":"https:\/\/api.w.org\/{rel}","templated":true}]}}